{"id":11896,"date":"2025-06-11T10:08:37","date_gmt":"2025-06-11T13:08:37","guid":{"rendered":"https:\/\/www.ucse.edu.ar\/notiucse\/?p=11896"},"modified":"2025-06-11T10:08:38","modified_gmt":"2025-06-11T13:08:38","slug":"exitosa-conferencia-sobre-el-bienestar-integral-del-la-mujer","status":"publish","type":"post","link":"https:\/\/www.ucse.edu.ar\/notiucse\/2025\/06\/11\/exitosa-conferencia-sobre-el-bienestar-integral-del-la-mujer\/","title":{"rendered":"Exitosa conferencia sobre el bienestar integral del la mujer"},"content":{"rendered":"\n<p>Facultad de Ciencias de la Salud de la Universidad Cat\u00f3lica de Santiago del Estero llev\u00f3 a cabo la conferencia <strong>\u201cLa l\u00ednea del tiempo de la mujer \u2013 Bienestar y salud reproductiva\u201d<\/strong>, un espacio de reflexi\u00f3n y puesta en com\u00fan orientado a abordar la salud integral de las mujeres desde una mirada interdisciplinaria. <\/p>\n\n\n\n<p>La actividad, de car\u00e1cter <strong>gratuito y presencial<\/strong>, despert\u00f3 gran inter\u00e9s entre estudiantes, profesionales de la salud y p\u00fablico en general, quienes colmaron el aula para participar de este encuentro.<\/p>\n\n\n\n<p>Las disertaciones estuvieron a cargo de la <strong>Dra. Florencia Ugozzoli<\/strong>, m\u00e9dica tocoginec\u00f3loga; la <strong>Lic. Milagros Rodr\u00edguez<\/strong>, licenciada en Psicolog\u00eda; y la <strong>Lic. Lurdez D\u00edaz<\/strong>, licenciada en Nutrici\u00f3n. Cada una de ellas aport\u00f3 su mirada profesional para comprender los cambios f\u00edsicos, emocionales y sociales que atraviesan las mujeres en las distintas etapas de su vida. El enfoque integral propuesto permiti\u00f3 relacionar saberes m\u00e9dicos, psicol\u00f3gicos y nutricionales, y visibilizar la importancia de una atenci\u00f3n con perspectiva de g\u00e9nero en los distintos \u00e1mbitos de la salud.<\/p>\n\n\n\n<p>Acompa\u00f1aron el evento autoridades de la universidad y de la Facultad de Ciencias de la Salud, entre ellas la <strong>Secretaria de Extensi\u00f3n, Vinculaci\u00f3n y Transferencia<\/strong>, <strong>Lic. Mar\u00eda Rosa Barabar\u00e1n<\/strong>; la <strong>Decana<\/strong>, <strong>Mg. Anal\u00eda Valentini<\/strong>; el <strong>Vicedecano<\/strong>, <strong>Lic. Mario Diosquez<\/strong>; y la <strong>Prosecretaria de Extensi\u00f3n y Vinculaci\u00f3n de la Facultad<\/strong>, <strong>Lic. Silvia Santill\u00e1n<\/strong>.<\/p>\n","protected":false},"excerpt":{"rendered":"<p>Con una gran convocatoria, Facultad de Ciencias de la Salud organiz\u00f3 una charla gratuita y abierta al p\u00fablico sobre salud reproductiva y bienestar femenino a lo largo de la vida. <\/p>\n","protected":false},"author":2,"featured_media":11897,"comment_status":"closed","ping_status":"closed","sticky":false,"template":"","format":"standard","meta":{"_exactmetrics_skip_tracking":false,"_exactmetrics_sitenote_active":false,"_exactmetrics_sitenote_note":"","_exactmetrics_sitenote_category":0,"footnotes":""},"categories":[9,72],"tags":[52,51,132],"_links":{"self":[{"href":"https:\/\/www.ucse.edu.ar\/notiucse\/wp-json\/wp\/v2\/posts\/11896"}],"collection":[{"href":"https:\/\/www.ucse.edu.ar\/notiucse\/wp-json\/wp\/v2\/posts"}],"about":[{"href":"https:\/\/www.ucse.edu.ar\/notiucse\/wp-json\/wp\/v2\/types\/post"}],"author":[{"embeddable":true,"href":"https:\/\/www.ucse.edu.ar\/notiucse\/wp-json\/wp\/v2\/users\/2"}],"replies":[{"embeddable":true,"href":"https:\/\/www.ucse.edu.ar\/notiucse\/wp-json\/wp\/v2\/comments?post=11896"}],"version-history":[{"count":1,"href":"https:\/\/www.ucse.edu.ar\/notiucse\/wp-json\/wp\/v2\/posts\/11896\/revisions"}],"predecessor-version":[{"id":11898,"href":"https:\/\/www.ucse.edu.ar\/notiucse\/wp-json\/wp\/v2\/posts\/11896\/revisions\/11898"}],"wp:featuredmedia":[{"embeddable":true,"href":"https:\/\/www.ucse.edu.ar\/notiucse\/wp-json\/wp\/v2\/media\/11897"}],"wp:attachment":[{"href":"https:\/\/www.ucse.edu.ar\/notiucse\/wp-json\/wp\/v2\/media?parent=11896"}],"wp:term":[{"taxonomy":"category","embeddable":true,"href":"https:\/\/www.ucse.edu.ar\/notiucse\/wp-json\/wp\/v2\/categories?post=11896"},{"taxonomy":"post_tag","embeddable":true,"href":"https:\/\/www.ucse.edu.ar\/notiucse\/wp-json\/wp\/v2\/tags?post=11896"}],"curies":[{"name":"wp","href":"https:\/\/api.w.org\/{rel}","templated":true}]}}