{"id":11899,"date":"2025-06-11T10:42:49","date_gmt":"2025-06-11T13:42:49","guid":{"rendered":"https:\/\/www.ucse.edu.ar\/notiucse\/?p=11899"},"modified":"2025-06-11T10:42:51","modified_gmt":"2025-06-11T13:42:51","slug":"jovenes-becados-reflexionan-sobre-su-futuro-segundo-encuentro-vocacional-con-rugby-solidario-y-ucse","status":"publish","type":"post","link":"https:\/\/www.ucse.edu.ar\/notiucse\/2025\/06\/11\/jovenes-becados-reflexionan-sobre-su-futuro-segundo-encuentro-vocacional-con-rugby-solidario-y-ucse\/","title":{"rendered":"J\u00f3venes becados reflexionan sobre su futuro: segundo encuentro vocacional con Rugby Solidario y UCSE"},"content":{"rendered":"\n<p>Este mi\u00e9rcoles 4 de junio, se llev\u00f3 a cabo el segundo encuentro del <strong>taller de Reflexi\u00f3n Vocacional<\/strong> destinado a j\u00f3venes becados por la <strong>Asociaci\u00f3n Rugby Solidario<\/strong>, en las instalaciones de la <strong>Escuela de la Familia Agr\u00edcola (EFA)<\/strong>, ubicada en la ciudad de Forres. <\/p>\n\n\n\n<p>La jornada fue coordinada por <strong>docentes y alumnas de cuarto a\u00f1o<\/strong> de la <strong>Licenciatura en Psicopedagog\u00eda<\/strong> de la <strong>Facultad de Ciencias de la Salud de la Universidad Cat\u00f3lica de Santiago del Estero (UCSE)<\/strong>, quienes desarrollaron propuestas pensadas para fomentar la introspecci\u00f3n, el di\u00e1logo y el autoconocimiento entre los participantes.<\/p>\n\n\n\n<p>Mediante din\u00e1micas grupales y herramientas l\u00fadicas, se invit\u00f3 a los estudiantes de quinto a\u00f1o de la EFA a reflexionar sobre sus intereses vocacionales, habilidades personales y aspiraciones con el objetivo de aportar a la construcci\u00f3n de sus propios <strong>proyectos de vida<\/strong>.<\/p>\n\n\n\n<p>Esta actividad forma parte de un trabajo sostenido entre la UCSE y la Asociaci\u00f3n Rugby Solidario, que promueve la inclusi\u00f3n y el desarrollo integral de j\u00f3venes a trav\u00e9s del deporte, la educaci\u00f3n y el acompa\u00f1amiento emocional. El enfoque psicopedag\u00f3gico del taller se centr\u00f3 en brindar un espacio seguro de escucha, expresi\u00f3n y orientaci\u00f3n.<\/p>\n","protected":false},"excerpt":{"rendered":"<p>Estudiantes de Psicopedagog\u00eda de la UCSE acompa\u00f1aron a j\u00f3venes en la construcci\u00f3n de sus proyectos de vida.<\/p>\n","protected":false},"author":2,"featured_media":11900,"comment_status":"closed","ping_status":"closed","sticky":false,"template":"","format":"standard","meta":{"_exactmetrics_skip_tracking":false,"_exactmetrics_sitenote_active":false,"_exactmetrics_sitenote_note":"","_exactmetrics_sitenote_category":0,"footnotes":""},"categories":[9,72],"tags":[52,132,136],"_links":{"self":[{"href":"https:\/\/www.ucse.edu.ar\/notiucse\/wp-json\/wp\/v2\/posts\/11899"}],"collection":[{"href":"https:\/\/www.ucse.edu.ar\/notiucse\/wp-json\/wp\/v2\/posts"}],"about":[{"href":"https:\/\/www.ucse.edu.ar\/notiucse\/wp-json\/wp\/v2\/types\/post"}],"author":[{"embeddable":true,"href":"https:\/\/www.ucse.edu.ar\/notiucse\/wp-json\/wp\/v2\/users\/2"}],"replies":[{"embeddable":true,"href":"https:\/\/www.ucse.edu.ar\/notiucse\/wp-json\/wp\/v2\/comments?post=11899"}],"version-history":[{"count":2,"href":"https:\/\/www.ucse.edu.ar\/notiucse\/wp-json\/wp\/v2\/posts\/11899\/revisions"}],"predecessor-version":[{"id":11902,"href":"https:\/\/www.ucse.edu.ar\/notiucse\/wp-json\/wp\/v2\/posts\/11899\/revisions\/11902"}],"wp:featuredmedia":[{"embeddable":true,"href":"https:\/\/www.ucse.edu.ar\/notiucse\/wp-json\/wp\/v2\/media\/11900"}],"wp:attachment":[{"href":"https:\/\/www.ucse.edu.ar\/notiucse\/wp-json\/wp\/v2\/media?parent=11899"}],"wp:term":[{"taxonomy":"category","embeddable":true,"href":"https:\/\/www.ucse.edu.ar\/notiucse\/wp-json\/wp\/v2\/categories?post=11899"},{"taxonomy":"post_tag","embeddable":true,"href":"https:\/\/www.ucse.edu.ar\/notiucse\/wp-json\/wp\/v2\/tags?post=11899"}],"curies":[{"name":"wp","href":"https:\/\/api.w.org\/{rel}","templated":true}]}}