{"id":11903,"date":"2025-06-13T14:55:00","date_gmt":"2025-06-13T17:55:00","guid":{"rendered":"https:\/\/www.ucse.edu.ar\/notiucse\/?p=11903"},"modified":"2025-06-13T14:55:02","modified_gmt":"2025-06-13T17:55:02","slug":"feria-ucse-volvio-a-ser-punto-de-encuentro-para-el-desarrollo-emprendedor-local","status":"publish","type":"post","link":"https:\/\/www.ucse.edu.ar\/notiucse\/2025\/06\/13\/feria-ucse-volvio-a-ser-punto-de-encuentro-para-el-desarrollo-emprendedor-local\/","title":{"rendered":"Feria UCSE volvi\u00f3 a ser punto de encuentro para el desarrollo emprendedor local"},"content":{"rendered":"\n<p>Una vez m\u00e1s, la <strong>Universidad Cat\u00f3lica de Santiago del Estero (UCSE)<\/strong> realiz\u00f3 una nueva edici\u00f3n de la <strong>Feria Artesanal y de Productos de Huerta<\/strong>, una iniciativa que mes a mes convoca a emprendedores, productores locales y vecinos de la comunidad en un espacio de encuentro, intercambio y promoci\u00f3n de la producci\u00f3n sustentable.<\/p>\n\n\n\n<p>En esta ocasi\u00f3n, los visitantes recorrieron una amplia variedad de <strong>stands con productos frescos y regionales<\/strong>, entre los que se destacaron verduras de estaci\u00f3n, dulces artesanales, tejidos, artesan\u00edas, plantas ornamentales y alimentos saludables, todos elaborados por <strong>productores independientes<\/strong> de la provincia.<\/p>\n\n\n\n<p>Este espacio no solo favorece el acceso directo a alimentos de calidad y objetos de dise\u00f1o local, sino que tambi\u00e9n promueve <strong>el desarrollo de la econom\u00eda social y solidaria<\/strong>, fortaleciendo v\u00ednculos entre la universidad y la comunidad santiague\u00f1a..<\/p>\n\n\n\n<p>Desde la organizaci\u00f3n, invitan a participar de las <strong>pr\u00f3ximas ediciones<\/strong>, que se llevar\u00e1n a cabo los d\u00edas <strong>7 y 14 de agosto<\/strong>, nuevamente en el campus universitario.<\/p>\n","protected":false},"excerpt":{"rendered":"<p>Con una destacada participaci\u00f3n de productores y visitantes, se realiz\u00f3 una nueva edici\u00f3n de la Feria Artesanal y de Productos de Huerta en el campus de la Universidad Cat\u00f3lica de Santiago del Estero.<\/p>\n","protected":false},"author":2,"featured_media":11904,"comment_status":"closed","ping_status":"closed","sticky":false,"template":"","format":"standard","meta":{"_exactmetrics_skip_tracking":false,"_exactmetrics_sitenote_active":false,"_exactmetrics_sitenote_note":"","_exactmetrics_sitenote_category":0,"footnotes":""},"categories":[9,72],"tags":[132,111,113],"_links":{"self":[{"href":"https:\/\/www.ucse.edu.ar\/notiucse\/wp-json\/wp\/v2\/posts\/11903"}],"collection":[{"href":"https:\/\/www.ucse.edu.ar\/notiucse\/wp-json\/wp\/v2\/posts"}],"about":[{"href":"https:\/\/www.ucse.edu.ar\/notiucse\/wp-json\/wp\/v2\/types\/post"}],"author":[{"embeddable":true,"href":"https:\/\/www.ucse.edu.ar\/notiucse\/wp-json\/wp\/v2\/users\/2"}],"replies":[{"embeddable":true,"href":"https:\/\/www.ucse.edu.ar\/notiucse\/wp-json\/wp\/v2\/comments?post=11903"}],"version-history":[{"count":1,"href":"https:\/\/www.ucse.edu.ar\/notiucse\/wp-json\/wp\/v2\/posts\/11903\/revisions"}],"predecessor-version":[{"id":11905,"href":"https:\/\/www.ucse.edu.ar\/notiucse\/wp-json\/wp\/v2\/posts\/11903\/revisions\/11905"}],"wp:featuredmedia":[{"embeddable":true,"href":"https:\/\/www.ucse.edu.ar\/notiucse\/wp-json\/wp\/v2\/media\/11904"}],"wp:attachment":[{"href":"https:\/\/www.ucse.edu.ar\/notiucse\/wp-json\/wp\/v2\/media?parent=11903"}],"wp:term":[{"taxonomy":"category","embeddable":true,"href":"https:\/\/www.ucse.edu.ar\/notiucse\/wp-json\/wp\/v2\/categories?post=11903"},{"taxonomy":"post_tag","embeddable":true,"href":"https:\/\/www.ucse.edu.ar\/notiucse\/wp-json\/wp\/v2\/tags?post=11903"}],"curies":[{"name":"wp","href":"https:\/\/api.w.org\/{rel}","templated":true}]}}