{"id":11941,"date":"2025-06-25T09:25:38","date_gmt":"2025-06-25T12:25:38","guid":{"rendered":"https:\/\/www.ucse.edu.ar\/notiucse\/?p=11941"},"modified":"2025-06-25T09:25:40","modified_gmt":"2025-06-25T12:25:40","slug":"la-ucse-celebro-su-65-aniversario-con-un-festival-de-talentos","status":"publish","type":"post","link":"https:\/\/www.ucse.edu.ar\/notiucse\/2025\/06\/25\/la-ucse-celebro-su-65-aniversario-con-un-festival-de-talentos\/","title":{"rendered":"La UCSE celebr\u00f3 su 65\u00b0 aniversario con un festival de talentos"},"content":{"rendered":"\n<p>En el marco de los festejos por el <strong>65\u00ba aniversario de la Universidad Cat\u00f3lica de Santiago del Estero (UCSE)<\/strong>, se realiz\u00f3 un festival de talentos UCSE que convoc\u00f3 a toda la comunidad universitaria a compartir una jornada marcada por el arte, la alegr\u00eda y la identidad institucional.<\/p>\n\n\n\n<p>El encuentro estuvo <strong>dedicado especialmente a los estudiantes<\/strong>, quienes desplegaron su talento en el escenario con <strong>presentaciones de canto, danza y expresiones art\u00edsticas<\/strong>. <\/p>\n\n\n\n<p>La jornada tambi\u00e9n cont\u00f3 con la presencia y el acompa\u00f1amiento de <strong>docentes y autoridades<\/strong> UCSE, quienes se sumaron al festejo para compartir con sus estudiantes este momento especial.<\/p>\n\n\n\n<p>Como cierre, se vivi\u00f3 un <strong>emotivo homenaje institucional<\/strong>, que incluy\u00f3 el tradicional canto de cumplea\u00f1os, el <strong>corte de la torta aniversario<\/strong> y palabras alusivas por el Rector Ing. Luis Eugenio Lucena a la trayectoria de la UCSE y a los alumnos que la integran.<\/p>\n","protected":false},"excerpt":{"rendered":"<p>Con m\u00fasica, baile y esp\u00edritu, estudiantes, docentes y autoridades se reunieron para homenajear los 65 a\u00f1os de historia en una jornada cargada de emoci\u00f3n.<\/p>\n","protected":false},"author":2,"featured_media":11942,"comment_status":"closed","ping_status":"closed","sticky":false,"template":"","format":"standard","meta":{"_exactmetrics_skip_tracking":false,"_exactmetrics_sitenote_active":false,"_exactmetrics_sitenote_note":"","_exactmetrics_sitenote_category":0,"footnotes":""},"categories":[73,72],"tags":[52,39],"_links":{"self":[{"href":"https:\/\/www.ucse.edu.ar\/notiucse\/wp-json\/wp\/v2\/posts\/11941"}],"collection":[{"href":"https:\/\/www.ucse.edu.ar\/notiucse\/wp-json\/wp\/v2\/posts"}],"about":[{"href":"https:\/\/www.ucse.edu.ar\/notiucse\/wp-json\/wp\/v2\/types\/post"}],"author":[{"embeddable":true,"href":"https:\/\/www.ucse.edu.ar\/notiucse\/wp-json\/wp\/v2\/users\/2"}],"replies":[{"embeddable":true,"href":"https:\/\/www.ucse.edu.ar\/notiucse\/wp-json\/wp\/v2\/comments?post=11941"}],"version-history":[{"count":2,"href":"https:\/\/www.ucse.edu.ar\/notiucse\/wp-json\/wp\/v2\/posts\/11941\/revisions"}],"predecessor-version":[{"id":11944,"href":"https:\/\/www.ucse.edu.ar\/notiucse\/wp-json\/wp\/v2\/posts\/11941\/revisions\/11944"}],"wp:featuredmedia":[{"embeddable":true,"href":"https:\/\/www.ucse.edu.ar\/notiucse\/wp-json\/wp\/v2\/media\/11942"}],"wp:attachment":[{"href":"https:\/\/www.ucse.edu.ar\/notiucse\/wp-json\/wp\/v2\/media?parent=11941"}],"wp:term":[{"taxonomy":"category","embeddable":true,"href":"https:\/\/www.ucse.edu.ar\/notiucse\/wp-json\/wp\/v2\/categories?post=11941"},{"taxonomy":"post_tag","embeddable":true,"href":"https:\/\/www.ucse.edu.ar\/notiucse\/wp-json\/wp\/v2\/tags?post=11941"}],"curies":[{"name":"wp","href":"https:\/\/api.w.org\/{rel}","templated":true}]}}