{"id":11946,"date":"2025-06-25T22:28:36","date_gmt":"2025-06-26T01:28:36","guid":{"rendered":"https:\/\/www.ucse.edu.ar\/notiucse\/?p=11946"},"modified":"2025-06-25T22:28:37","modified_gmt":"2025-06-26T01:28:37","slug":"ucse-celebro-sus-65-anos-con-un-acto-institucional-junto-a-la-presencia-de-autoridades-provinciales","status":"publish","type":"post","link":"https:\/\/www.ucse.edu.ar\/notiucse\/2025\/06\/25\/ucse-celebro-sus-65-anos-con-un-acto-institucional-junto-a-la-presencia-de-autoridades-provinciales\/","title":{"rendered":"UCSE celebr\u00f3 sus 65 a\u00f1os con un acto institucional junto a la presencia de autoridades provinciales"},"content":{"rendered":"\n<p>La Universidad Cat\u00f3lica de Santiago del Estero (UCSE) conmemor\u00f3 sus <strong>65 a\u00f1os de vida institucional<\/strong> con un acto central  desarrollado el pasado <strong>martes 24 de junio<\/strong> en el Auditorio de su sede central. La ceremonia fue encabezada por el <strong>rector de la UCSE, Ing. Luis Lucena<\/strong>, junto al <strong>Arzobispo y Gran Canciller de la universidad, Monse\u00f1or Vicente Bokalic<\/strong>, quien ofreci\u00f3 una disertaci\u00f3n titulada <em>\u201cAspectos p\u00fablicos y significativos del c\u00f3nclave y el proceso de elecci\u00f3n del Papa Le\u00f3n XIV\u201d<\/em>, brindando as\u00ed un enfoque espiritual y reflexivo al encuentro.<\/p>\n\n\n\n<p>En representaci\u00f3n del Gobierno de la provincia, participaron el <strong>vicegobernador Carlos Silva Neder<\/strong>, el <strong>jefe de Gabinete de Ministros, El\u00edas Su\u00e1rez<\/strong>, y la <strong>ministra de Educaci\u00f3n, Dra. Mariela Nassif<\/strong>. Tambi\u00e9n estuvieron presentes la <strong>intendenta de la ciudad Capital, Ing. Norma Fuentes<\/strong>, el <strong>intendente de La Banda, Ing. Roger Nediani<\/strong>, autoridades del Poder Judicial y representantes de la <strong>Universidad Nacional de Santiago del Estero (UNSE)<\/strong>, entre otras personalidades del \u00e1mbito pol\u00edtico, acad\u00e9mico y religioso.<\/p>\n\n\n\n<p>La jornada comenz\u00f3 con una <strong>celebraci\u00f3n lit\u00fargica presidida por Monse\u00f1or Bokalic<\/strong>, en la que se comparti\u00f3 una oraci\u00f3n de gratitud por la historia de la instituci\u00f3n y sus desaf\u00edos futuros. El momento fue acompa\u00f1ado por una presentaci\u00f3n del <strong>Coro de C\u00e1mara de la UCSE<\/strong>, que interpret\u00f3 piezas musicales seleccionadas para la ocasi\u00f3n.<\/p>\n\n\n\n<p>Durante el acto protocolar, se ley\u00f3 una carta enviada por la <strong>senadora nacional Claudia de Zamora<\/strong>, quien destac\u00f3 \u201c<em>el permanente compromiso de la UCSE con los valores cristianos, la excelencia educativa y el desarrollo integral de las personas, que han dejado una huella profunda en nuestra sociedad<\/em>\u201d.<\/p>\n\n\n\n<p>Tambi\u00e9n se realizaron <strong>reconocimientos al personal con 25 a\u00f1os de servicio y a quienes se acogieron a la jubilaci\u00f3n<\/strong>. Como parte del homenaje, se present\u00f3 un video que repas\u00f3 los principales logros de la UCSE y su <strong>proyecci\u00f3n a nivel local, regional y nacional<\/strong>, con especial menci\u00f3n al trabajo conjunto con sus sedes en <strong>Rafaela, Jujuy y Buenos Aires<\/strong>, reflejo de su esp\u00edritu federal.<\/p>\n\n\n\n<p>El cierre de la jornada se vivi\u00f3 en el Aula Magna, donde autoridades y asistentes compartieron un <strong>\u00e1gape institucional<\/strong>.<\/p>\n","protected":false},"excerpt":{"rendered":"<p>En el marco de un nuevo aniversario, se realiz\u00f3 una ceremonia conmemorativa en la sede central, con la participaci\u00f3n de referentes pol\u00edticos, educativos y eclesi\u00e1sticos. El acto incluy\u00f3 reconocimientos, reflexiones sobre su legado y un mensaje esperanzador hacia el futuro.<\/p>\n","protected":false},"author":2,"featured_media":11953,"comment_status":"closed","ping_status":"closed","sticky":false,"template":"","format":"standard","meta":{"_exactmetrics_skip_tracking":false,"_exactmetrics_sitenote_active":false,"_exactmetrics_sitenote_note":"","_exactmetrics_sitenote_category":0,"footnotes":""},"categories":[73],"tags":[52,66,39],"_links":{"self":[{"href":"https:\/\/www.ucse.edu.ar\/notiucse\/wp-json\/wp\/v2\/posts\/11946"}],"collection":[{"href":"https:\/\/www.ucse.edu.ar\/notiucse\/wp-json\/wp\/v2\/posts"}],"about":[{"href":"https:\/\/www.ucse.edu.ar\/notiucse\/wp-json\/wp\/v2\/types\/post"}],"author":[{"embeddable":true,"href":"https:\/\/www.ucse.edu.ar\/notiucse\/wp-json\/wp\/v2\/users\/2"}],"replies":[{"embeddable":true,"href":"https:\/\/www.ucse.edu.ar\/notiucse\/wp-json\/wp\/v2\/comments?post=11946"}],"version-history":[{"count":2,"href":"https:\/\/www.ucse.edu.ar\/notiucse\/wp-json\/wp\/v2\/posts\/11946\/revisions"}],"predecessor-version":[{"id":12583,"href":"https:\/\/www.ucse.edu.ar\/notiucse\/wp-json\/wp\/v2\/posts\/11946\/revisions\/12583"}],"wp:featuredmedia":[{"embeddable":true,"href":"https:\/\/www.ucse.edu.ar\/notiucse\/wp-json\/wp\/v2\/media\/11953"}],"wp:attachment":[{"href":"https:\/\/www.ucse.edu.ar\/notiucse\/wp-json\/wp\/v2\/media?parent=11946"}],"wp:term":[{"taxonomy":"category","embeddable":true,"href":"https:\/\/www.ucse.edu.ar\/notiucse\/wp-json\/wp\/v2\/categories?post=11946"},{"taxonomy":"post_tag","embeddable":true,"href":"https:\/\/www.ucse.edu.ar\/notiucse\/wp-json\/wp\/v2\/tags?post=11946"}],"curies":[{"name":"wp","href":"https:\/\/api.w.org\/{rel}","templated":true}]}}