{"id":12051,"date":"2025-07-10T15:07:24","date_gmt":"2025-07-10T18:07:24","guid":{"rendered":"https:\/\/www.ucse.edu.ar\/notiucse\/?p=12051"},"modified":"2025-07-10T15:07:25","modified_gmt":"2025-07-10T18:07:25","slug":"el-coro-de-camara-de-la-ucse-celebra-sus-45-anos-con-un-encuentro-coral","status":"publish","type":"post","link":"https:\/\/www.ucse.edu.ar\/notiucse\/2025\/07\/10\/el-coro-de-camara-de-la-ucse-celebra-sus-45-anos-con-un-encuentro-coral\/","title":{"rendered":"El Coro de C\u00e1mara de la UCSE celebra sus 45 a\u00f1os con un encuentro coral"},"content":{"rendered":"\n<p>La Universidad Cat\u00f3lica de Santiago del Estero (UCSE) celebrar\u00e1 los <strong>45 a\u00f1os de trayectoria del Coro de C\u00e1mara<\/strong> con un encuentro coral titulado <strong>&#8220;A\u00f1uritay Santiago&#8221;<\/strong>. Bajo la direcci\u00f3n del <strong>profesor Mariano Valladares<\/strong>, quien lleva 15 a\u00f1os al frente del elenco, la propuesta se desarrollar\u00e1 en dos fechas y sedes distintas, abiertas a todo p\u00fablico.<\/p>\n\n\n\n<p>El <strong>primer concierto<\/strong> ser\u00e1 el <strong>jueves 10 de julio a las 19 h<\/strong> en el <strong>Complejo Juan Felipe Ibarra<\/strong>, en la ciudad de Santiago del Estero. El <strong>segundo encuentro<\/strong> se realizar\u00e1 el <strong>viernes 11 de julio a las 20 h<\/strong> en la <strong>Parroquia Nuestra Se\u00f1ora del Perpetuo Socorro<\/strong>, en <strong>Termas de R\u00edo Hondo<\/strong>.<\/p>\n\n\n\n<p>El evento tiene como objetivo <strong>rendir homenaje y reconocer la labor art\u00edstica y cultural del Coro de C\u00e1mara de la UCSE<\/strong>, uno de los espacios corales m\u00e1s emblem\u00e1ticos de la provincia, que ha sabido representar a la universidad y a Santiago del Estero en distintos escenarios.<\/p>\n\n\n\n<p>Durante m\u00e1s de cuatro d\u00e9cadas, el coro ha formado parte activa de la vida institucional de la UCSE, integrando a estudiantes, docentes y miembros de la comunidad en una experiencia musical colectiva que trasciende generaciones. Esta celebraci\u00f3n ser\u00e1 una oportunidad para reencontrarse con su historia y disfrutar de un repertorio coral especialmente preparado para la ocasi\u00f3n. <\/p>\n","protected":false},"excerpt":{"rendered":"<p>En el marco de su 45\u00b0 aniversario, el Coro de C\u00e1mara de la Universidad Cat\u00f3lica de Santiago del Estero ser\u00e1 homenajeado en un doble concierto que reunir\u00e1 voces y emociones. Las presentaciones ser\u00e1n el 10 y 11 de julio en Santiago y Termas de R\u00edo Hondo.<\/p>\n","protected":false},"author":2,"featured_media":12052,"comment_status":"closed","ping_status":"closed","sticky":false,"template":"","format":"standard","meta":{"_exactmetrics_skip_tracking":false,"_exactmetrics_sitenote_active":false,"_exactmetrics_sitenote_note":"","_exactmetrics_sitenote_category":0,"footnotes":""},"categories":[11,72],"tags":[191,122],"_links":{"self":[{"href":"https:\/\/www.ucse.edu.ar\/notiucse\/wp-json\/wp\/v2\/posts\/12051"}],"collection":[{"href":"https:\/\/www.ucse.edu.ar\/notiucse\/wp-json\/wp\/v2\/posts"}],"about":[{"href":"https:\/\/www.ucse.edu.ar\/notiucse\/wp-json\/wp\/v2\/types\/post"}],"author":[{"embeddable":true,"href":"https:\/\/www.ucse.edu.ar\/notiucse\/wp-json\/wp\/v2\/users\/2"}],"replies":[{"embeddable":true,"href":"https:\/\/www.ucse.edu.ar\/notiucse\/wp-json\/wp\/v2\/comments?post=12051"}],"version-history":[{"count":1,"href":"https:\/\/www.ucse.edu.ar\/notiucse\/wp-json\/wp\/v2\/posts\/12051\/revisions"}],"predecessor-version":[{"id":12053,"href":"https:\/\/www.ucse.edu.ar\/notiucse\/wp-json\/wp\/v2\/posts\/12051\/revisions\/12053"}],"wp:featuredmedia":[{"embeddable":true,"href":"https:\/\/www.ucse.edu.ar\/notiucse\/wp-json\/wp\/v2\/media\/12052"}],"wp:attachment":[{"href":"https:\/\/www.ucse.edu.ar\/notiucse\/wp-json\/wp\/v2\/media?parent=12051"}],"wp:term":[{"taxonomy":"category","embeddable":true,"href":"https:\/\/www.ucse.edu.ar\/notiucse\/wp-json\/wp\/v2\/categories?post=12051"},{"taxonomy":"post_tag","embeddable":true,"href":"https:\/\/www.ucse.edu.ar\/notiucse\/wp-json\/wp\/v2\/tags?post=12051"}],"curies":[{"name":"wp","href":"https:\/\/api.w.org\/{rel}","templated":true}]}}