{"id":12061,"date":"2025-08-11T16:07:51","date_gmt":"2025-08-11T19:07:51","guid":{"rendered":"https:\/\/www.ucse.edu.ar\/notiucse\/?p=12061"},"modified":"2025-08-14T15:52:03","modified_gmt":"2025-08-14T18:52:03","slug":"vuelve-la-expo-ucse-dos-dias-de-experiencias-interactivas-charlas-y-propuestas-academicas","status":"publish","type":"post","link":"https:\/\/www.ucse.edu.ar\/notiucse\/2025\/08\/11\/vuelve-la-expo-ucse-dos-dias-de-experiencias-interactivas-charlas-y-propuestas-academicas\/","title":{"rendered":"Vuelve Expo UCSE: dos d\u00edas de experiencias interactivas, charlas y propuestas acad\u00e9micas"},"content":{"rendered":"\n<p>La <strong>Universidad Cat\u00f3lica de Santiago del Estero<\/strong> invita a toda la comunidad interesada a participar de una nueva edici\u00f3n de la <strong>EXPO UCSE<\/strong>: un evento que re\u00fane actividades interactivas, charlas informativas, juegos, exhibiciones y propuestas pensadas para conocer de cerca la vida universitaria.<\/p>\n\n\n\n<p>La expo se desarrollar\u00e1 durante dos jornadas completas: los d\u00edas <strong>mi\u00e9rcoles 27 y jueves 28 de agosto de 2025<\/strong>, en el <strong>campus de la universidad<\/strong>, en el horario de <strong>7:45 a 12:00 h<\/strong> por la ma\u00f1ana y de <strong>14:00 a 17:00 h<\/strong> por la tarde.<\/p>\n\n\n\n<p>Durante el evento, cada facultad contar\u00e1 con espacios destinados a <strong>mostrar sus carreras, proyectos, laboratorios, experiencias de estudiantes y egresados<\/strong>, y brindar asesoramiento personalizado a quienes est\u00e9n pensando en iniciar sus estudios universitarios. <\/p>\n\n\n\n<p>Adem\u00e1s, habr\u00e1 <strong>charlas motivacionales, radio en vivo, presentaciones de iniciativas estudiantiles, espacios de juego, sorteos y actividades culturales<\/strong>, generando un entorno din\u00e1mico y participativo que representa el esp\u00edritu de la UCSE.<\/p>\n\n\n\n<p>La Expo est\u00e1 pensada especialmente para <strong>estudiantes del nivel secundario, docentes, orientadores, familias y p\u00fablico en general<\/strong>, y se forma como una oportunidad para acercarse al mundo universitario, despejar dudas vocacionales y conocer de forma directa c\u00f3mo se vive el d\u00eda a d\u00eda en la UCSE.<\/p>\n","protected":false},"excerpt":{"rendered":"<p>La actividad se desarrollar\u00e1 durante el  27 y 28 de agosto y est\u00e1 dirigida a estudiantes, docentes y p\u00fablico general interesado en conocer las propuestas acad\u00e9micas y la vida universitaria. <\/p>\n","protected":false},"author":2,"featured_media":12062,"comment_status":"closed","ping_status":"closed","sticky":false,"template":"","format":"standard","meta":{"_exactmetrics_skip_tracking":false,"_exactmetrics_sitenote_active":false,"_exactmetrics_sitenote_note":"","_exactmetrics_sitenote_category":0,"footnotes":""},"categories":[73,72],"tags":[52,194],"_links":{"self":[{"href":"https:\/\/www.ucse.edu.ar\/notiucse\/wp-json\/wp\/v2\/posts\/12061"}],"collection":[{"href":"https:\/\/www.ucse.edu.ar\/notiucse\/wp-json\/wp\/v2\/posts"}],"about":[{"href":"https:\/\/www.ucse.edu.ar\/notiucse\/wp-json\/wp\/v2\/types\/post"}],"author":[{"embeddable":true,"href":"https:\/\/www.ucse.edu.ar\/notiucse\/wp-json\/wp\/v2\/users\/2"}],"replies":[{"embeddable":true,"href":"https:\/\/www.ucse.edu.ar\/notiucse\/wp-json\/wp\/v2\/comments?post=12061"}],"version-history":[{"count":3,"href":"https:\/\/www.ucse.edu.ar\/notiucse\/wp-json\/wp\/v2\/posts\/12061\/revisions"}],"predecessor-version":[{"id":12107,"href":"https:\/\/www.ucse.edu.ar\/notiucse\/wp-json\/wp\/v2\/posts\/12061\/revisions\/12107"}],"wp:featuredmedia":[{"embeddable":true,"href":"https:\/\/www.ucse.edu.ar\/notiucse\/wp-json\/wp\/v2\/media\/12062"}],"wp:attachment":[{"href":"https:\/\/www.ucse.edu.ar\/notiucse\/wp-json\/wp\/v2\/media?parent=12061"}],"wp:term":[{"taxonomy":"category","embeddable":true,"href":"https:\/\/www.ucse.edu.ar\/notiucse\/wp-json\/wp\/v2\/categories?post=12061"},{"taxonomy":"post_tag","embeddable":true,"href":"https:\/\/www.ucse.edu.ar\/notiucse\/wp-json\/wp\/v2\/tags?post=12061"}],"curies":[{"name":"wp","href":"https:\/\/api.w.org\/{rel}","templated":true}]}}