{"id":12076,"date":"2025-08-06T09:56:17","date_gmt":"2025-08-06T12:56:17","guid":{"rendered":"https:\/\/www.ucse.edu.ar\/notiucse\/?p=12076"},"modified":"2025-08-06T09:56:19","modified_gmt":"2025-08-06T12:56:19","slug":"ucse-participo-de-la-convocatoria-para-conformar-la-comision-provincial-de-sostenibilidad-de-la-practica-odontologica","status":"publish","type":"post","link":"https:\/\/www.ucse.edu.ar\/notiucse\/2025\/08\/06\/ucse-participo-de-la-convocatoria-para-conformar-la-comision-provincial-de-sostenibilidad-de-la-practica-odontologica\/","title":{"rendered":"UCSE particip\u00f3 de la convocatoria para conformar la Comisi\u00f3n Provincial de Sostenibilidad de la Pr\u00e1ctica Odontol\u00f3gica"},"content":{"rendered":"\n<p>En respuesta a la invitaci\u00f3n del <strong>Colegio de Odont\u00f3logos de Santiago del Estero (COSE)<\/strong>, autoridades de la Universidad Cat\u00f3lica de Santiago del Estero (UCSE) participaron de la convocatoria inicial para conformar la <strong>Comisi\u00f3n Provincial de Sostenibilidad de la Pr\u00e1ctica Odontol\u00f3gica de Santiago del Estero<\/strong>.<\/p>\n\n\n\n<p>El encuentro, que tuvo lugar d\u00edas atr\u00e1s en la sede del C\u00edrculo Odontol\u00f3gico, cont\u00f3 con la presencia del rector de UCSE, <strong>Ing. Luis Eugenio Lucena<\/strong>; la<strong> Ing. Amelia Su\u00e1rez<\/strong>, y la <strong>Lic. Maria Rosa Barbar\u00e1n<\/strong>. El objetivo fue intercambiar visiones y avanzar en la conformaci\u00f3n de esta comisi\u00f3n, que ser\u00e1 la primera en establecerse formalmente en el pa\u00eds.<\/p>\n\n\n\n<p>Esta iniciativa surge de la <strong>Comisi\u00f3n Nacional de Sostenibilidad de la Pr\u00e1ctica Odontol\u00f3gica (CNS Argentina)<\/strong>, impulsada por la <strong>Federaci\u00f3n Argentina de Colegios de Odont\u00f3logos (FACO)<\/strong> junto a <strong>ROCA Internacional<\/strong>, y propone integrar a diversas instituciones p\u00fablicas y privadas bajo una mirada de odontolog\u00eda sustentable, comprometida con la salud y el ambiente.<\/p>\n\n\n\n<p>La pr\u00f3xima reuni\u00f3n fue acordada para el 18 de agosto, instancia en la que se espera avanzar hacia la oficializaci\u00f3n de la comisi\u00f3n provincial y comenzar a delinear l\u00edneas de acci\u00f3n concretas en el territorio santiague\u00f1o<\/p>\n","protected":false},"excerpt":{"rendered":"<p>La Universidad Cat\u00f3lica de Santiago del Estero se suma al di\u00e1logo para impulsar una pr\u00e1ctica odontol\u00f3gica ecosostenible en la provincia.<\/p>\n","protected":false},"author":2,"featured_media":12078,"comment_status":"closed","ping_status":"closed","sticky":false,"template":"","format":"standard","meta":{"_exactmetrics_skip_tracking":false,"_exactmetrics_sitenote_active":false,"_exactmetrics_sitenote_note":"","_exactmetrics_sitenote_category":0,"footnotes":""},"categories":[73,72],"tags":[39],"_links":{"self":[{"href":"https:\/\/www.ucse.edu.ar\/notiucse\/wp-json\/wp\/v2\/posts\/12076"}],"collection":[{"href":"https:\/\/www.ucse.edu.ar\/notiucse\/wp-json\/wp\/v2\/posts"}],"about":[{"href":"https:\/\/www.ucse.edu.ar\/notiucse\/wp-json\/wp\/v2\/types\/post"}],"author":[{"embeddable":true,"href":"https:\/\/www.ucse.edu.ar\/notiucse\/wp-json\/wp\/v2\/users\/2"}],"replies":[{"embeddable":true,"href":"https:\/\/www.ucse.edu.ar\/notiucse\/wp-json\/wp\/v2\/comments?post=12076"}],"version-history":[{"count":1,"href":"https:\/\/www.ucse.edu.ar\/notiucse\/wp-json\/wp\/v2\/posts\/12076\/revisions"}],"predecessor-version":[{"id":12079,"href":"https:\/\/www.ucse.edu.ar\/notiucse\/wp-json\/wp\/v2\/posts\/12076\/revisions\/12079"}],"wp:featuredmedia":[{"embeddable":true,"href":"https:\/\/www.ucse.edu.ar\/notiucse\/wp-json\/wp\/v2\/media\/12078"}],"wp:attachment":[{"href":"https:\/\/www.ucse.edu.ar\/notiucse\/wp-json\/wp\/v2\/media?parent=12076"}],"wp:term":[{"taxonomy":"category","embeddable":true,"href":"https:\/\/www.ucse.edu.ar\/notiucse\/wp-json\/wp\/v2\/categories?post=12076"},{"taxonomy":"post_tag","embeddable":true,"href":"https:\/\/www.ucse.edu.ar\/notiucse\/wp-json\/wp\/v2\/tags?post=12076"}],"curies":[{"name":"wp","href":"https:\/\/api.w.org\/{rel}","templated":true}]}}