{"id":12096,"date":"2025-08-12T09:58:49","date_gmt":"2025-08-12T12:58:49","guid":{"rendered":"https:\/\/www.ucse.edu.ar\/notiucse\/?p=12096"},"modified":"2025-08-14T15:40:35","modified_gmt":"2025-08-14T18:40:35","slug":"pinto-sera-sede-de-la-6-jornada-internacional-de-gestion-del-agua-en-secano","status":"publish","type":"post","link":"https:\/\/www.ucse.edu.ar\/notiucse\/2025\/08\/12\/pinto-sera-sede-de-la-6-jornada-internacional-de-gestion-del-agua-en-secano\/","title":{"rendered":"Pinto ser\u00e1 sede de la 6\u00b0 Jornada Internacional de Gesti\u00f3n del Agua en Secano"},"content":{"rendered":"\n<p>El pr\u00f3ximo jueves <strong>14 de agosto de 2025<\/strong>, de <strong>8:30 a 13:30<\/strong>, el <strong>Centro Cultural del Bicentenario de Pinto<\/strong>, en el departamento Aguirre, ser\u00e1 sede de la <strong>6\u00b0 Jornada Internacional de Gesti\u00f3n del Agua en Secano<\/strong>. Un evento impulsado por la <strong>Secretar\u00eda de Ciencia y Tecnolog\u00eda de la Provincia<\/strong> que reunir\u00e1 a expertos nacionales e internacionales para debatir sobre innovaci\u00f3n, sostenibilidad y problem\u00e1ticas vinculadas a la gesti\u00f3n del agua en zonas de secano.<\/p>\n\n\n\n<p>La Universidad Cat\u00f3lica de Santiago del Estero estar\u00e1 presente con las exposiciones de <strong>Lic. Osvaldo Santill\u00e1n<\/strong> y <strong>Lic. Mirta Caumo<\/strong>, quienes presentar\u00e1n <em>\u201cAportes para un diagn\u00f3stico socio-territorial desde el Centro de Estudios Geogr\u00e1ficos para el Desarrollo Local y Regional\u201d<\/em>, contribuyendo con una mirada social y regional a los desaf\u00edos h\u00eddricos.<\/p>\n\n\n\n<p>El programa contempla la disertaci\u00f3n de <strong>Ing. Roc\u00edo Carreras<\/strong> (UNSE) y <strong>Tec. Agr. Walter Rodr\u00edguez<\/strong> (INTA) sobre <em>\u201cCosecha inteligente: innovaciones tecnol\u00f3gicas para consumo y producci\u00f3n agropecuaria sostenible con agua de lluvia\u201d<\/em>; del <strong>Dr. Alejo P\u00e9rez Carrera<\/strong> (Facultad de Ciencias Veterinarias, UBA) con <em>\u201cEl ars\u00e9nico: una problem\u00e1tica argentina. Efectos en la producci\u00f3n agropecuaria y seguridad alimentaria\u201d<\/em>; y de <strong>Ing. Mario Baz\u00e1n Nickisch<\/strong> e <strong>Ing. Ram\u00f3n Fern\u00e1ndez<\/strong> (INTA), con <em>\u201cManejo del agua para la producci\u00f3n ganadera y gesti\u00f3n de proyectos de agua comunitarios\u201d<\/em>.<\/p>\n\n\n\n<p>Tambi\u00e9n se contar\u00e1 con la participaci\u00f3n internacional del <strong>Ing. Agr. Wilbert Harder<\/strong> (Paraguay), quien compartir\u00e1 la experiencia <em>\u201cCaptaci\u00f3n de agua de lluvia para la producci\u00f3n ganadera en el Chaco paraguayo\u201d<\/em>, adem\u00e1s de la exposici\u00f3n sobre el acueducto R\u00edo Salado &#8211; La Romelia. La jornada incluir\u00e1 un taller simult\u00e1neo: <em>\u201cAgua con ars\u00e9nico, saberes y pr\u00e1cticas en torno a una problem\u00e1tica compleja\u201d<\/em>, coordinado por la Mesa Interinstitucional del Ars\u00e9nico.<\/p>\n\n\n\n<p>La presentaci\u00f3n de los paneles y conferencias espaciales permitir\u00e1n alcanzar objetivos relacionados a lo institucional y a lo acad\u00e9mico tales como: avanzar en la producci\u00f3n de conocimientos interdisciplinarios, aportando diagn\u00f3sticos territoriales para avanzar en el enfoque t\u00e9cnico con una mirada social y regional; vincular con problem\u00e1ticas reales, tales como la captaci\u00f3n de agua de lluvia, el ars\u00e9nico y la seguridad alimentaria, relevantes para la informaci\u00f3n de las comunidades y la formaci\u00f3n de profesionales vinculados a la salud, el ambiente, la ingenier\u00eda y las ciencias sociales; y favorecer la participaci\u00f3n estudiantil.<\/p>\n","protected":false},"excerpt":{"rendered":"<p>El 14 de agosto, especialistas de Argentina y Paraguay se reunir\u00e1n en Santiago del Estero para debatir sobre innovaci\u00f3n, sostenibilidad y problem\u00e1ticas del recurso h\u00eddrico en zonas de secano.<\/p>\n","protected":false},"author":2,"featured_media":12100,"comment_status":"closed","ping_status":"closed","sticky":false,"template":"","format":"standard","meta":{"_exactmetrics_skip_tracking":false,"_exactmetrics_sitenote_active":false,"_exactmetrics_sitenote_note":"","_exactmetrics_sitenote_category":0,"footnotes":""},"categories":[73],"tags":[51,39],"_links":{"self":[{"href":"https:\/\/www.ucse.edu.ar\/notiucse\/wp-json\/wp\/v2\/posts\/12096"}],"collection":[{"href":"https:\/\/www.ucse.edu.ar\/notiucse\/wp-json\/wp\/v2\/posts"}],"about":[{"href":"https:\/\/www.ucse.edu.ar\/notiucse\/wp-json\/wp\/v2\/types\/post"}],"author":[{"embeddable":true,"href":"https:\/\/www.ucse.edu.ar\/notiucse\/wp-json\/wp\/v2\/users\/2"}],"replies":[{"embeddable":true,"href":"https:\/\/www.ucse.edu.ar\/notiucse\/wp-json\/wp\/v2\/comments?post=12096"}],"version-history":[{"count":2,"href":"https:\/\/www.ucse.edu.ar\/notiucse\/wp-json\/wp\/v2\/posts\/12096\/revisions"}],"predecessor-version":[{"id":12102,"href":"https:\/\/www.ucse.edu.ar\/notiucse\/wp-json\/wp\/v2\/posts\/12096\/revisions\/12102"}],"wp:featuredmedia":[{"embeddable":true,"href":"https:\/\/www.ucse.edu.ar\/notiucse\/wp-json\/wp\/v2\/media\/12100"}],"wp:attachment":[{"href":"https:\/\/www.ucse.edu.ar\/notiucse\/wp-json\/wp\/v2\/media?parent=12096"}],"wp:term":[{"taxonomy":"category","embeddable":true,"href":"https:\/\/www.ucse.edu.ar\/notiucse\/wp-json\/wp\/v2\/categories?post=12096"},{"taxonomy":"post_tag","embeddable":true,"href":"https:\/\/www.ucse.edu.ar\/notiucse\/wp-json\/wp\/v2\/tags?post=12096"}],"curies":[{"name":"wp","href":"https:\/\/api.w.org\/{rel}","templated":true}]}}