{"id":12117,"date":"2025-08-15T17:45:56","date_gmt":"2025-08-15T20:45:56","guid":{"rendered":"https:\/\/www.ucse.edu.ar\/notiucse\/?p=12117"},"modified":"2025-08-15T17:45:58","modified_gmt":"2025-08-15T20:45:58","slug":"con-participacion-de-la-ucse-pinto-fue-sede-de-la-6a-jornada-internacional-de-gestion-del-agua-en-secano","status":"publish","type":"post","link":"https:\/\/www.ucse.edu.ar\/notiucse\/2025\/08\/15\/con-participacion-de-la-ucse-pinto-fue-sede-de-la-6a-jornada-internacional-de-gestion-del-agua-en-secano\/","title":{"rendered":"Con participaci\u00f3n de la UCSE, Pinto fue sede de la 6\u00aa Jornada Internacional de Gesti\u00f3n del Agua en Secano"},"content":{"rendered":"\n<p>El Centro Cultural del Bicentenario de Pinto, en el departamento Aguirre, fue escenario de la <strong>6\u00aa Jornada Internacional de Gesti\u00f3n del Agua en Secano<\/strong>, un espacio de intercambio de saberes y experiencias sobre el manejo sustentable del recurso h\u00eddrico, con especial \u00e9nfasis en la captaci\u00f3n de agua de lluvia para la producci\u00f3n agropecuaria.<\/p>\n\n\n\n<p>El panel de apertura estuvo integrado por el secretario de Ciencia y Tecnolog\u00eda, <strong>Ing. Adri\u00e1n Su\u00e1rez<\/strong>; el intendente de Pinto, <strong>Jorge Leguizam\u00f3n<\/strong>; el director de Ciencia y Tecnolog\u00eda,<strong> Ing. Edmundo Vizgarra G\u00f3mez<\/strong>; el director del INTA EEA Quimil\u00ed, <strong>Ing. Gustavo Gerlero<\/strong>; la secretaria de Ciencia y Tecnolog\u00eda de la UNSE, <strong>Dra. Susana Herrera<\/strong>; la secretaria de Extensi\u00f3n de la UCSE, <strong>Lic. Mar\u00eda Rosa Barbar\u00e1n<\/strong>; el decano de la Facultad de Ciencias Veterinarias de la UBA, <strong>Dr. Alejo P\u00e9rez Carreras<\/strong>; la presidenta de APADRAM, <strong>Elba Mendoza<\/strong>; el presidente de CESPAR, <strong>Tec. Alan Bovero<\/strong>; y, en representaci\u00f3n de CIASE, <strong>Jos\u00e9 Gabriel Silvetti<\/strong>.<\/p>\n\n\n\n<p>La jornada incluy\u00f3 <strong>conferencias y paneles<\/strong> donde se abordaron diferentes temas como la innovaci\u00f3n tecnol\u00f3gica para el aprovechamiento de agua de lluvia, los efectos del ars\u00e9nico en la producci\u00f3n agropecuaria y la seguridad alimentaria, y estrategias de manejo del recurso para garantizar la sustentabilidad y el desarrollo de las comunidades rurales.<\/p>\n\n\n\n<p>Destinada a <strong>productores, t\u00e9cnicos, profesionales, estudiantes de distintos niveles y p\u00fablico en general<\/strong>, la propuesta combin\u00f3 el enfoque t\u00e9cnico con la perspectiva social y regional.<\/p>\n","protected":false},"excerpt":{"rendered":"<p>El encuentro reuni\u00f3 a autoridades, especialistas y p\u00fablico de distintos sectores para debatir sobre el uso sustentable del agua de lluvia, su impacto en la producci\u00f3n agropecuaria y los desaf\u00edos socioambientales.<\/p>\n","protected":false},"author":2,"featured_media":12118,"comment_status":"closed","ping_status":"closed","sticky":false,"template":"","format":"standard","meta":{"_exactmetrics_skip_tracking":false,"_exactmetrics_sitenote_active":false,"_exactmetrics_sitenote_note":"","_exactmetrics_sitenote_category":0,"footnotes":""},"categories":[73],"tags":[39],"_links":{"self":[{"href":"https:\/\/www.ucse.edu.ar\/notiucse\/wp-json\/wp\/v2\/posts\/12117"}],"collection":[{"href":"https:\/\/www.ucse.edu.ar\/notiucse\/wp-json\/wp\/v2\/posts"}],"about":[{"href":"https:\/\/www.ucse.edu.ar\/notiucse\/wp-json\/wp\/v2\/types\/post"}],"author":[{"embeddable":true,"href":"https:\/\/www.ucse.edu.ar\/notiucse\/wp-json\/wp\/v2\/users\/2"}],"replies":[{"embeddable":true,"href":"https:\/\/www.ucse.edu.ar\/notiucse\/wp-json\/wp\/v2\/comments?post=12117"}],"version-history":[{"count":1,"href":"https:\/\/www.ucse.edu.ar\/notiucse\/wp-json\/wp\/v2\/posts\/12117\/revisions"}],"predecessor-version":[{"id":12119,"href":"https:\/\/www.ucse.edu.ar\/notiucse\/wp-json\/wp\/v2\/posts\/12117\/revisions\/12119"}],"wp:featuredmedia":[{"embeddable":true,"href":"https:\/\/www.ucse.edu.ar\/notiucse\/wp-json\/wp\/v2\/media\/12118"}],"wp:attachment":[{"href":"https:\/\/www.ucse.edu.ar\/notiucse\/wp-json\/wp\/v2\/media?parent=12117"}],"wp:term":[{"taxonomy":"category","embeddable":true,"href":"https:\/\/www.ucse.edu.ar\/notiucse\/wp-json\/wp\/v2\/categories?post=12117"},{"taxonomy":"post_tag","embeddable":true,"href":"https:\/\/www.ucse.edu.ar\/notiucse\/wp-json\/wp\/v2\/tags?post=12117"}],"curies":[{"name":"wp","href":"https:\/\/api.w.org\/{rel}","templated":true}]}}