{"id":12161,"date":"2025-08-25T17:15:56","date_gmt":"2025-08-25T20:15:56","guid":{"rendered":"https:\/\/www.ucse.edu.ar\/notiucse\/?p=12161"},"modified":"2025-08-25T17:15:57","modified_gmt":"2025-08-25T20:15:57","slug":"ucse-buenos-aires-firmo-un-convenio-de-cooperacion-academica-con-la-universidad-de-san-isidro-dr-placido-marin","status":"publish","type":"post","link":"https:\/\/www.ucse.edu.ar\/notiucse\/2025\/08\/25\/ucse-buenos-aires-firmo-un-convenio-de-cooperacion-academica-con-la-universidad-de-san-isidro-dr-placido-marin\/","title":{"rendered":"UCSE Buenos Aires firm\u00f3 un convenio de cooperaci\u00f3n acad\u00e9mica con la Universidad de San Isidro Dr. Pl\u00e1cido Mar\u00edn"},"content":{"rendered":"\n<p>El pasado 12 de agosto, la Universidad Cat\u00f3lica de Santiago del Estero sede Buenos Aires, concret\u00f3 un nuevo paso en su pol\u00edtica de integraci\u00f3n acad\u00e9mica mediante la firma de un <strong>Convenio Marco de Intercambio y Cooperaci\u00f3n Acad\u00e9mica y de Extensi\u00f3n Cultural<\/strong>, junto con un Acuerdo de Intercambio de Estudiantes con la <strong>Universidad de San Isidro Dr. Pl\u00e1cido Mar\u00edn (USI).<\/strong><\/p>\n\n\n\n<p>La r\u00fabrica de los documentos se realiz\u00f3 en el marco de una <strong>reuni\u00f3n virtual<\/strong> y cont\u00f3 con la participaci\u00f3n del rector de la USI, <strong>Dr. Enrique del Persio<\/strong>, y el rector de la UCSE<strong> Ing. Luis Eugenio Lucena<\/strong>. Tambi\u00e9n estuvieron presentes la vicerrectora de la USI, <strong>Dra. Mar\u00eda Laura Ochoa<\/strong>, y representantes de la UCSE sede Buenos Aires.<\/p>\n\n\n\n<p>El convenio contempla la promoci\u00f3n de proyectos conjuntos de<strong> investigaci\u00f3n, docencia y extensi\u00f3n<\/strong>, adem\u00e1s de posibilitar la movilidad estudiantil entre ambas casas de estudios, con el objetivo de enriquecer la formaci\u00f3n acad\u00e9mica y profesional de los alumnos.<\/p>\n","protected":false},"excerpt":{"rendered":"<p>La alianza incluye un acuerdo de movilidad estudiantil y busca fortalecer los v\u00ednculos acad\u00e9micos y culturales entre ambas instituciones.<\/p>\n","protected":false},"author":2,"featured_media":12162,"comment_status":"closed","ping_status":"closed","sticky":false,"template":"","format":"standard","meta":{"_exactmetrics_skip_tracking":false,"_exactmetrics_sitenote_active":false,"_exactmetrics_sitenote_note":"","_exactmetrics_sitenote_category":0,"footnotes":""},"categories":[21],"tags":[48],"_links":{"self":[{"href":"https:\/\/www.ucse.edu.ar\/notiucse\/wp-json\/wp\/v2\/posts\/12161"}],"collection":[{"href":"https:\/\/www.ucse.edu.ar\/notiucse\/wp-json\/wp\/v2\/posts"}],"about":[{"href":"https:\/\/www.ucse.edu.ar\/notiucse\/wp-json\/wp\/v2\/types\/post"}],"author":[{"embeddable":true,"href":"https:\/\/www.ucse.edu.ar\/notiucse\/wp-json\/wp\/v2\/users\/2"}],"replies":[{"embeddable":true,"href":"https:\/\/www.ucse.edu.ar\/notiucse\/wp-json\/wp\/v2\/comments?post=12161"}],"version-history":[{"count":1,"href":"https:\/\/www.ucse.edu.ar\/notiucse\/wp-json\/wp\/v2\/posts\/12161\/revisions"}],"predecessor-version":[{"id":12163,"href":"https:\/\/www.ucse.edu.ar\/notiucse\/wp-json\/wp\/v2\/posts\/12161\/revisions\/12163"}],"wp:featuredmedia":[{"embeddable":true,"href":"https:\/\/www.ucse.edu.ar\/notiucse\/wp-json\/wp\/v2\/media\/12162"}],"wp:attachment":[{"href":"https:\/\/www.ucse.edu.ar\/notiucse\/wp-json\/wp\/v2\/media?parent=12161"}],"wp:term":[{"taxonomy":"category","embeddable":true,"href":"https:\/\/www.ucse.edu.ar\/notiucse\/wp-json\/wp\/v2\/categories?post=12161"},{"taxonomy":"post_tag","embeddable":true,"href":"https:\/\/www.ucse.edu.ar\/notiucse\/wp-json\/wp\/v2\/tags?post=12161"}],"curies":[{"name":"wp","href":"https:\/\/api.w.org\/{rel}","templated":true}]}}