{"id":12164,"date":"2025-08-26T09:29:48","date_gmt":"2025-08-26T12:29:48","guid":{"rendered":"https:\/\/www.ucse.edu.ar\/notiucse\/?p=12164"},"modified":"2025-08-26T09:29:50","modified_gmt":"2025-08-26T12:29:50","slug":"dio-inicio-la-catedra-abierta-sobre-neuropatias-y-aprendizaje","status":"publish","type":"post","link":"https:\/\/www.ucse.edu.ar\/notiucse\/2025\/08\/26\/dio-inicio-la-catedra-abierta-sobre-neuropatias-y-aprendizaje\/","title":{"rendered":"Dio inicio la C\u00e1tedra Abierta sobre Neuropat\u00edas y Aprendizaje"},"content":{"rendered":"\n<p>En el campus de la Universidad Cat\u00f3lica de Santiago del Estero (UCSE) se desarroll\u00f3 con \u00e9xito el primer encuentro del ciclo de la C\u00e1tedra Abierta <em>\u201cNeuropat\u00edas que impactan en el desarrollo de las habilidades sociales y\/o escolares\u201d<\/em>, una propuesta impulsada por la <strong>Licenciatura en Psicopedagog\u00eda de la Facultad de Ciencias de la Salud <\/strong>junto con la c\u00e1tedra de <strong>Neuropsicopatolog\u00eda y Aprendizaje<\/strong>.<\/p>\n\n\n\n<p>La apertura estuvo a cargo del neur\u00f3logo <strong>Dr. Germ\u00e1n D\u00edaz Villalba<\/strong>, quien expuso sobre neuropat\u00edas que afectan el aprendizaje, ante un marco de p\u00fablico numeroso y participativo.<\/p>\n\n\n\n<p>El ciclo tiene como prop\u00f3sito brindar herramientas te\u00f3ricas y pr\u00e1cticas que permitan comprender el impacto de las neuropat\u00edas en los procesos de aprendizaje y en el desarrollo de habilidades sociales en ni\u00f1os y adolescentes. La iniciativa busca adem\u00e1s fortalecer la detecci\u00f3n temprana, la comprensi\u00f3n y la intervenci\u00f3n desde una perspectiva interdisciplinaria, integrando los \u00e1mbitos cl\u00ednico y educativo.<\/p>\n\n\n\n<p>La programaci\u00f3n continuar\u00e1 el martes 26 de agosto con la disertaci\u00f3n de la <strong>Lic. en Fonoaudiolog\u00eda Gabriela Roger<\/strong> sobre <em>Trastornos de la comunicaci\u00f3n<\/em>. El martes 2 de septiembre ser\u00e1 el turno del Lic. en Psicolog\u00eda Jos\u00e9 Kur\u00e1n, quien abordar\u00e1 los <em>Trastornos de la conducta<\/em>. Finalmente, el ciclo cerrar\u00e1 el martes 9 de septiembre con la exposici\u00f3n del <strong>Mg. Jos\u00e9 Carlos Luna<\/strong>, quien presentar\u00e1 un abordaje espec\u00edfico desde la Psicopedagog\u00eda.<\/p>\n\n\n\n<p>Todos los encuentros se llevar\u00e1n a cabo en el <strong>aula 27 del campus universitario a las 18 horas<\/strong>.<\/p>\n","protected":false},"excerpt":{"rendered":"<p>Con una gran convocatoria, comenz\u00f3 el ciclo organizado por la Licenciatura en Psicopedagog\u00eda para abordar de manera interdisciplinaria las neuropat\u00edas que afectan el desarrollo de habilidades sociales y escolares.<\/p>\n","protected":false},"author":2,"featured_media":12165,"comment_status":"closed","ping_status":"closed","sticky":false,"template":"","format":"standard","meta":{"_exactmetrics_skip_tracking":false,"_exactmetrics_sitenote_active":false,"_exactmetrics_sitenote_note":"","_exactmetrics_sitenote_category":0,"footnotes":""},"categories":[9,72],"tags":[52,136],"_links":{"self":[{"href":"https:\/\/www.ucse.edu.ar\/notiucse\/wp-json\/wp\/v2\/posts\/12164"}],"collection":[{"href":"https:\/\/www.ucse.edu.ar\/notiucse\/wp-json\/wp\/v2\/posts"}],"about":[{"href":"https:\/\/www.ucse.edu.ar\/notiucse\/wp-json\/wp\/v2\/types\/post"}],"author":[{"embeddable":true,"href":"https:\/\/www.ucse.edu.ar\/notiucse\/wp-json\/wp\/v2\/users\/2"}],"replies":[{"embeddable":true,"href":"https:\/\/www.ucse.edu.ar\/notiucse\/wp-json\/wp\/v2\/comments?post=12164"}],"version-history":[{"count":1,"href":"https:\/\/www.ucse.edu.ar\/notiucse\/wp-json\/wp\/v2\/posts\/12164\/revisions"}],"predecessor-version":[{"id":12166,"href":"https:\/\/www.ucse.edu.ar\/notiucse\/wp-json\/wp\/v2\/posts\/12164\/revisions\/12166"}],"wp:featuredmedia":[{"embeddable":true,"href":"https:\/\/www.ucse.edu.ar\/notiucse\/wp-json\/wp\/v2\/media\/12165"}],"wp:attachment":[{"href":"https:\/\/www.ucse.edu.ar\/notiucse\/wp-json\/wp\/v2\/media?parent=12164"}],"wp:term":[{"taxonomy":"category","embeddable":true,"href":"https:\/\/www.ucse.edu.ar\/notiucse\/wp-json\/wp\/v2\/categories?post=12164"},{"taxonomy":"post_tag","embeddable":true,"href":"https:\/\/www.ucse.edu.ar\/notiucse\/wp-json\/wp\/v2\/tags?post=12164"}],"curies":[{"name":"wp","href":"https:\/\/api.w.org\/{rel}","templated":true}]}}