{"id":12170,"date":"2025-08-26T11:33:40","date_gmt":"2025-08-26T14:33:40","guid":{"rendered":"https:\/\/www.ucse.edu.ar\/notiucse\/?p=12170"},"modified":"2025-08-26T11:35:20","modified_gmt":"2025-08-26T14:35:20","slug":"se-realizara-la-primera-jornada-de-derecho-del-trabajo-en-san-isidro","status":"publish","type":"post","link":"https:\/\/www.ucse.edu.ar\/notiucse\/2025\/08\/26\/se-realizara-la-primera-jornada-de-derecho-del-trabajo-en-san-isidro\/","title":{"rendered":"Se realizar\u00e1 la Primera Jornada de Derecho del Trabajo en San Isidro"},"content":{"rendered":"\n<p>En la Sede Buenos Aires, se llevar\u00e1 adelante este <strong>mi\u00e9rcoles 3 de septiembre<\/strong>, de 17 a 20 horas, la <strong>Primera Jornada de Derecho del Trabajo<\/strong>, en la sede ubicada en <strong>Rivadavia 552, San Isidro<\/strong>.<\/p>\n\n\n\n<p>La actividad se enmarca en la <strong>Especializaci\u00f3n en Derecho del Trabajo<\/strong> y constituye el primer encuentro presencial de las distintas cohortes de la carrera. El programa incluir\u00e1 la disertaci\u00f3n de <strong>docentes de la UCSE<\/strong> junto a la participaci\u00f3n especial de <strong>profesoras invitadas de Espa\u00f1a<\/strong>, quienes abordar\u00e1n tem\u00e1ticas vinculadas a la <strong>actualidad del derecho laboral<\/strong> desde una perspectiva acad\u00e9mica y pr\u00e1ctica.<\/p>\n\n\n\n<p>Se propiciar\u00e1 el intercambio de conocimientos y experiencias entre especialistas, docentes y estudiantes, a la vez que permitir\u00e1 afianzar conocimientos en la comunidad acad\u00e9mica de la carrera.<\/p>\n","protected":false},"excerpt":{"rendered":"<p>El encuentro reunir\u00e1 a estudiantes y docentes de la Especializaci\u00f3n en Derecho del Trabajo, con la participaci\u00f3n de profesoras invitadas de Espa\u00f1a y especialistas locales. <\/p>\n","protected":false},"author":2,"featured_media":12171,"comment_status":"closed","ping_status":"closed","sticky":false,"template":"","format":"standard","meta":{"_exactmetrics_skip_tracking":false,"_exactmetrics_sitenote_active":false,"_exactmetrics_sitenote_note":"","_exactmetrics_sitenote_category":0,"footnotes":""},"categories":[21],"tags":[48],"_links":{"self":[{"href":"https:\/\/www.ucse.edu.ar\/notiucse\/wp-json\/wp\/v2\/posts\/12170"}],"collection":[{"href":"https:\/\/www.ucse.edu.ar\/notiucse\/wp-json\/wp\/v2\/posts"}],"about":[{"href":"https:\/\/www.ucse.edu.ar\/notiucse\/wp-json\/wp\/v2\/types\/post"}],"author":[{"embeddable":true,"href":"https:\/\/www.ucse.edu.ar\/notiucse\/wp-json\/wp\/v2\/users\/2"}],"replies":[{"embeddable":true,"href":"https:\/\/www.ucse.edu.ar\/notiucse\/wp-json\/wp\/v2\/comments?post=12170"}],"version-history":[{"count":2,"href":"https:\/\/www.ucse.edu.ar\/notiucse\/wp-json\/wp\/v2\/posts\/12170\/revisions"}],"predecessor-version":[{"id":12173,"href":"https:\/\/www.ucse.edu.ar\/notiucse\/wp-json\/wp\/v2\/posts\/12170\/revisions\/12173"}],"wp:featuredmedia":[{"embeddable":true,"href":"https:\/\/www.ucse.edu.ar\/notiucse\/wp-json\/wp\/v2\/media\/12171"}],"wp:attachment":[{"href":"https:\/\/www.ucse.edu.ar\/notiucse\/wp-json\/wp\/v2\/media?parent=12170"}],"wp:term":[{"taxonomy":"category","embeddable":true,"href":"https:\/\/www.ucse.edu.ar\/notiucse\/wp-json\/wp\/v2\/categories?post=12170"},{"taxonomy":"post_tag","embeddable":true,"href":"https:\/\/www.ucse.edu.ar\/notiucse\/wp-json\/wp\/v2\/tags?post=12170"}],"curies":[{"name":"wp","href":"https:\/\/api.w.org\/{rel}","templated":true}]}}