{"id":12175,"date":"2025-08-27T15:16:38","date_gmt":"2025-08-27T18:16:38","guid":{"rendered":"https:\/\/www.ucse.edu.ar\/notiucse\/?p=12175"},"modified":"2025-08-27T15:16:39","modified_gmt":"2025-08-27T18:16:39","slug":"con-gran-participacion-comenzo-la-expo-ucse-2025","status":"publish","type":"post","link":"https:\/\/www.ucse.edu.ar\/notiucse\/2025\/08\/27\/con-gran-participacion-comenzo-la-expo-ucse-2025\/","title":{"rendered":"Con gran participaci\u00f3n comenz\u00f3 la Expo UCSE 2025"},"content":{"rendered":"\n<p>Con gran entusiasmo, <strong>Universidad Cat\u00f3lica de Santiago del Estero<\/strong> dio inicio a una nueva edici\u00f3n de la <strong>Expo UCSE 2025<\/strong>, el evento que cada a\u00f1o convoca a cientos de j\u00f3venes de nivel medio, junto al p\u00fablico en general, para conocer de cerca la propuesta acad\u00e9mica y las experiencias universitarias que ofrece la instituci\u00f3n.<\/p>\n\n\n\n<p>En esta primera jornada participaron colegios de la ciudad y la provincia, entre ellos el <strong>Colegio Nacional Absal\u00f3n Rojas, Escuela Normal Manuel Belgrano, Escuela T\u00e9cnica N\u00b0 6, el Colegio Evang\u00e9lico Alfredo Furniss, ESPEA N\u00b0 1, entre otros<\/strong>. Los estudiantes recorrieron los distintos espacios de la universidad, acompa\u00f1ados por el equipo del <strong>Centro de Informaci\u00f3n Universitaria (CIU)<\/strong>, que los gui\u00f3 en cada instancia de la visita.<\/p>\n\n\n\n<p>A lo largo del d\u00eda, los visitantes tuvieron la oportunidad de <strong>conocer los stands de las cuatro facultades<\/strong>, donde docentes y alumnos presentaron las carreras, compartieron experiencias y respondieron inquietudes de los futuros ingresantes. Adem\u00e1s, la Expo ofreci\u00f3 <strong>charlas abiertas, actividades culturales y recreativas, sorteos, premios, shows musicales<\/strong> y una <strong>Radio Abierta<\/strong> coordinada por los estudiantes de la <strong>Licenciatura en Comunicaci\u00f3n Social<\/strong>, quienes animaron la jornada con entrevistas, juegos y transmisiones en vivo.<\/p>\n","protected":false},"excerpt":{"rendered":"<p>Con stands, actividades interactivas y propuestas culturales, la universidad abri\u00f3 sus puertas para que el p\u00fablico y estudiantes de \u00faltimo a\u00f1o descubran su oferta acad\u00e9mica de una forma diferente<\/p>\n","protected":false},"author":2,"featured_media":12176,"comment_status":"closed","ping_status":"closed","sticky":false,"template":"","format":"standard","meta":{"_exactmetrics_skip_tracking":false,"_exactmetrics_sitenote_active":false,"_exactmetrics_sitenote_note":"","_exactmetrics_sitenote_category":0,"footnotes":""},"categories":[73,72],"tags":[194],"_links":{"self":[{"href":"https:\/\/www.ucse.edu.ar\/notiucse\/wp-json\/wp\/v2\/posts\/12175"}],"collection":[{"href":"https:\/\/www.ucse.edu.ar\/notiucse\/wp-json\/wp\/v2\/posts"}],"about":[{"href":"https:\/\/www.ucse.edu.ar\/notiucse\/wp-json\/wp\/v2\/types\/post"}],"author":[{"embeddable":true,"href":"https:\/\/www.ucse.edu.ar\/notiucse\/wp-json\/wp\/v2\/users\/2"}],"replies":[{"embeddable":true,"href":"https:\/\/www.ucse.edu.ar\/notiucse\/wp-json\/wp\/v2\/comments?post=12175"}],"version-history":[{"count":4,"href":"https:\/\/www.ucse.edu.ar\/notiucse\/wp-json\/wp\/v2\/posts\/12175\/revisions"}],"predecessor-version":[{"id":12180,"href":"https:\/\/www.ucse.edu.ar\/notiucse\/wp-json\/wp\/v2\/posts\/12175\/revisions\/12180"}],"wp:featuredmedia":[{"embeddable":true,"href":"https:\/\/www.ucse.edu.ar\/notiucse\/wp-json\/wp\/v2\/media\/12176"}],"wp:attachment":[{"href":"https:\/\/www.ucse.edu.ar\/notiucse\/wp-json\/wp\/v2\/media?parent=12175"}],"wp:term":[{"taxonomy":"category","embeddable":true,"href":"https:\/\/www.ucse.edu.ar\/notiucse\/wp-json\/wp\/v2\/categories?post=12175"},{"taxonomy":"post_tag","embeddable":true,"href":"https:\/\/www.ucse.edu.ar\/notiucse\/wp-json\/wp\/v2\/tags?post=12175"}],"curies":[{"name":"wp","href":"https:\/\/api.w.org\/{rel}","templated":true}]}}