{"id":12181,"date":"2025-08-29T09:45:44","date_gmt":"2025-08-29T12:45:44","guid":{"rendered":"http:\/\/www.ucse.edu.ar\/notiucse\/?p=12181"},"modified":"2025-08-29T15:21:18","modified_gmt":"2025-08-29T18:21:18","slug":"estudiantes-de-comunicacion-social-realizaron-una-muestra-de-cortometrajes-de-ficcion","status":"publish","type":"post","link":"https:\/\/www.ucse.edu.ar\/notiucse\/2025\/08\/29\/estudiantes-de-comunicacion-social-realizaron-una-muestra-de-cortometrajes-de-ficcion\/","title":{"rendered":"Estudiantes de Comunicaci\u00f3n Social realizaron una muestra de cortometrajes de ficci\u00f3n"},"content":{"rendered":"\n<p>Se llev\u00f3 a cabo una muestra de cortometrajes de ficci\u00f3n producidos por estudiantes de tercer a\u00f1o de la <strong>Licenciatura en Comunicaci\u00f3n Social<\/strong>, en un evento que reuni\u00f3 a la comunidad universitaria, familiares y p\u00fablico en general.<\/p>\n\n\n\n<p>La apertura estuvo a cargo del <strong>decano de la Facultad de Ciencias para la Innovaci\u00f3n y el Desarrollo (FCID), Arq. Jos\u00e9 Samez<\/strong>, la <strong>directora de la carrera, Lic. Jesica Escalada<\/strong>, y el <strong>docente responsable de los trabajos, Lic. Pablo Arga\u00f1aras<\/strong>.<\/p>\n\n\n\n<p>Las producciones audiovisuales se desarrollaron en el marco de las c\u00e1tedras <strong>Gui\u00f3n y Narraci\u00f3n, Realizaci\u00f3n y Taller Integral Audiovisual<\/strong>, y constituyen el resultado de pr\u00e1cticas interc\u00e1tedras realizadas durante el presente a\u00f1o. Adem\u00e1s, los cortometrajes contaron con la colaboraci\u00f3n de estudiantes de la <strong>Tecnicatura en Dise\u00f1o<\/strong>, quienes dise\u00f1aron los afiches promocionales que acompa\u00f1aron cada producci\u00f3n.<\/p>\n\n\n\n<p>El evento cont\u00f3 con la presencia del <strong>rector de la UCSE, Ing. Luis Lucena<\/strong>, junto a familiares de los estudiantes, docentes y miembros de la comunidad universitaria. La muestra fue recibida con gran entusiasmo y permiti\u00f3 visibilizar el talento, la creatividad y las competencias desarrolladas por los alumnos en el campo de la producci\u00f3n audiovisual.<\/p>\n","protected":false},"excerpt":{"rendered":"<p>Con gran participaci\u00f3n, en el Auditorio UCSE, se realiz\u00f3 con \u00e9xito la actividad propuesta por las c\u00e1tedras de la licenciatura. <\/p>\n","protected":false},"author":2,"featured_media":12182,"comment_status":"closed","ping_status":"closed","sticky":false,"template":"","format":"standard","meta":{"_exactmetrics_skip_tracking":false,"_exactmetrics_sitenote_active":false,"_exactmetrics_sitenote_note":"","_exactmetrics_sitenote_category":0,"footnotes":""},"categories":[10,72],"tags":[169],"_links":{"self":[{"href":"https:\/\/www.ucse.edu.ar\/notiucse\/wp-json\/wp\/v2\/posts\/12181"}],"collection":[{"href":"https:\/\/www.ucse.edu.ar\/notiucse\/wp-json\/wp\/v2\/posts"}],"about":[{"href":"https:\/\/www.ucse.edu.ar\/notiucse\/wp-json\/wp\/v2\/types\/post"}],"author":[{"embeddable":true,"href":"https:\/\/www.ucse.edu.ar\/notiucse\/wp-json\/wp\/v2\/users\/2"}],"replies":[{"embeddable":true,"href":"https:\/\/www.ucse.edu.ar\/notiucse\/wp-json\/wp\/v2\/comments?post=12181"}],"version-history":[{"count":2,"href":"https:\/\/www.ucse.edu.ar\/notiucse\/wp-json\/wp\/v2\/posts\/12181\/revisions"}],"predecessor-version":[{"id":12197,"href":"https:\/\/www.ucse.edu.ar\/notiucse\/wp-json\/wp\/v2\/posts\/12181\/revisions\/12197"}],"wp:featuredmedia":[{"embeddable":true,"href":"https:\/\/www.ucse.edu.ar\/notiucse\/wp-json\/wp\/v2\/media\/12182"}],"wp:attachment":[{"href":"https:\/\/www.ucse.edu.ar\/notiucse\/wp-json\/wp\/v2\/media?parent=12181"}],"wp:term":[{"taxonomy":"category","embeddable":true,"href":"https:\/\/www.ucse.edu.ar\/notiucse\/wp-json\/wp\/v2\/categories?post=12181"},{"taxonomy":"post_tag","embeddable":true,"href":"https:\/\/www.ucse.edu.ar\/notiucse\/wp-json\/wp\/v2\/tags?post=12181"}],"curies":[{"name":"wp","href":"https:\/\/api.w.org\/{rel}","templated":true}]}}