{"id":1221,"date":"2015-11-26T13:41:49","date_gmt":"2015-11-26T13:41:49","guid":{"rendered":"http:\/\/www.ucse.edu.ar\/notiucse\/?p=1221"},"modified":"2015-11-26T13:46:08","modified_gmt":"2015-11-26T13:46:08","slug":"visita-el-stand-de-la-ucse-en-la-feria-provincial-del-libro","status":"publish","type":"post","link":"https:\/\/www.ucse.edu.ar\/notiucse\/2015\/11\/26\/visita-el-stand-de-la-ucse-en-la-feria-provincial-del-libro\/","title":{"rendered":"Visit\u00e1 el stand de la UCSE en la Feria provincial del libro."},"content":{"rendered":"<p><a href=\"http:\/\/www.ucse.edu.ar\/notiucse\/wp-content\/uploads\/2015\/11\/foto.jpg\"><img fetchpriority=\"high\" decoding=\"async\" class=\"aligncenter size-full wp-image-1224\" src=\"http:\/\/www.ucse.edu.ar\/notiucse\/wp-content\/uploads\/2015\/11\/foto.jpg\" alt=\"foto\" width=\"620\" height=\"350\" srcset=\"https:\/\/www.ucse.edu.ar\/notiucse\/wp-content\/uploads\/2015\/11\/foto.jpg 620w, https:\/\/www.ucse.edu.ar\/notiucse\/wp-content\/uploads\/2015\/11\/foto-300x169.jpg 300w, https:\/\/www.ucse.edu.ar\/notiucse\/wp-content\/uploads\/2015\/11\/foto-460x260.jpg 460w\" sizes=\"(max-width: 620px) 100vw, 620px\" \/><\/a>Visit\u00e1 el Stand de la UCSE en la VI Feria Provincial del Libro &#8220;Encuentro con libros&#8221;, del 26 al 29 De Noviembre, Forum, Santiago del Estero. All\u00ed encontrar\u00e1s Informaci\u00f3n de nuestras carreras, publicaciones e Informaci\u00f3n en general de la vida universitaria. \u00a1Te esperamos!<\/p>\n<p><a href=\"http:\/\/www.ucse.edu.ar\/notiucse\/wp-content\/uploads\/2015\/11\/feriadellibro.jpg\"><img decoding=\"async\" class=\"aligncenter size-large wp-image-1225\" src=\"http:\/\/www.ucse.edu.ar\/notiucse\/wp-content\/uploads\/2015\/11\/feriadellibro-1024x765.jpg\" alt=\"feriadellibro\" width=\"700\" height=\"523\" srcset=\"https:\/\/www.ucse.edu.ar\/notiucse\/wp-content\/uploads\/2015\/11\/feriadellibro-1024x765.jpg 1024w, https:\/\/www.ucse.edu.ar\/notiucse\/wp-content\/uploads\/2015\/11\/feriadellibro-300x224.jpg 300w\" sizes=\"(max-width: 700px) 100vw, 700px\" \/><\/a><\/p>\n<p>&nbsp;<\/p>\n<p>&nbsp;<\/p>\n","protected":false},"excerpt":{"rendered":"<p>Visit\u00e1 el Stand de la UCSE en la VI Feria Provincial del Libro &#8220;Encuentro con libros&#8221;, del 26 al 29 De Noviembre, Forum, Santiago del Estero. All\u00ed encontrar\u00e1s Informaci\u00f3n de nuestras carreras, publicaciones e Informaci\u00f3n en general de la vida universitaria. \u00a1Te esperamos! &nbsp; &nbsp;<\/p>\n","protected":false},"author":1,"featured_media":1225,"comment_status":"closed","ping_status":"closed","sticky":false,"template":"","format":"standard","meta":{"_exactmetrics_skip_tracking":false,"_exactmetrics_sitenote_active":false,"_exactmetrics_sitenote_note":"","_exactmetrics_sitenote_category":0,"footnotes":""},"categories":[7],"tags":[],"class_list":["post-1221","post","type-post","status-publish","format-standard","has-post-thumbnail","hentry","category-facultades"],"_links":{"self":[{"href":"https:\/\/www.ucse.edu.ar\/notiucse\/wp-json\/wp\/v2\/posts\/1221","targetHints":{"allow":["GET"]}}],"collection":[{"href":"https:\/\/www.ucse.edu.ar\/notiucse\/wp-json\/wp\/v2\/posts"}],"about":[{"href":"https:\/\/www.ucse.edu.ar\/notiucse\/wp-json\/wp\/v2\/types\/post"}],"author":[{"embeddable":true,"href":"https:\/\/www.ucse.edu.ar\/notiucse\/wp-json\/wp\/v2\/users\/1"}],"replies":[{"embeddable":true,"href":"https:\/\/www.ucse.edu.ar\/notiucse\/wp-json\/wp\/v2\/comments?post=1221"}],"version-history":[{"count":2,"href":"https:\/\/www.ucse.edu.ar\/notiucse\/wp-json\/wp\/v2\/posts\/1221\/revisions"}],"predecessor-version":[{"id":1226,"href":"https:\/\/www.ucse.edu.ar\/notiucse\/wp-json\/wp\/v2\/posts\/1221\/revisions\/1226"}],"wp:featuredmedia":[{"embeddable":true,"href":"https:\/\/www.ucse.edu.ar\/notiucse\/wp-json\/wp\/v2\/media\/1225"}],"wp:attachment":[{"href":"https:\/\/www.ucse.edu.ar\/notiucse\/wp-json\/wp\/v2\/media?parent=1221"}],"wp:term":[{"taxonomy":"category","embeddable":true,"href":"https:\/\/www.ucse.edu.ar\/notiucse\/wp-json\/wp\/v2\/categories?post=1221"},{"taxonomy":"post_tag","embeddable":true,"href":"https:\/\/www.ucse.edu.ar\/notiucse\/wp-json\/wp\/v2\/tags?post=1221"}],"curies":[{"name":"wp","href":"https:\/\/api.w.org\/{rel}","templated":true}]}}