{"id":12259,"date":"2025-09-17T11:38:57","date_gmt":"2025-09-17T14:38:57","guid":{"rendered":"https:\/\/www.ucse.edu.ar\/notiucse\/?p=12259"},"modified":"2025-09-17T11:38:59","modified_gmt":"2025-09-17T14:38:59","slug":"se-realizo-el-cafe-psicopedagogico-a-jubilarse-tambien-se-aprende","status":"publish","type":"post","link":"https:\/\/www.ucse.edu.ar\/notiucse\/2025\/09\/17\/se-realizo-el-cafe-psicopedagogico-a-jubilarse-tambien-se-aprende\/","title":{"rendered":"Se realiz\u00f3 el Caf\u00e9 Psicopedag\u00f3gico &#8220;A jubilarse tambi\u00e9n se aprende&#8221;"},"content":{"rendered":"\n<p>El pasado 1 de septiembre se llev\u00f3 a cabo el Caf\u00e9 Psicopedag\u00f3gico <em>\u201cA jubilarse tambi\u00e9n se aprende\u201d<\/em>, una propuesta organizada por la <strong>Licenciatura en Psicopedagog\u00eda<\/strong> de la <strong>Facultad de Ciencias de la Salud de la Universidad Cat\u00f3lica de Santiago del Estero (UCSE)<\/strong>, en el marco de las celebraciones por el mes de la Psicopedagog\u00eda.<\/p>\n\n\n\n<p>La actividad cont\u00f3 con las exposiciones de la <strong>Lic. Paula Barrera Nicholson<\/strong> y el <strong>Dr. Gustavo Ledesma Vallejo<\/strong>, docentes de la carrera, quienes abordaron la importancia de la intervenci\u00f3n psicopedag\u00f3gica en las distintas etapas del ciclo de la vida. Particularmente, se reflexion\u00f3 sobre las caracter\u00edsticas de los adultos mayores, sus desaf\u00edos y potencialidades, y se compartieron sugerencias metodol\u00f3gicas para el acompa\u00f1amiento en esta etapa de la vida.<\/p>\n\n\n\n<p>El encuentro se desarroll\u00f3 en modalidad h\u00edbrida, con participaci\u00f3n tanto presencial como virtual, convocando p\u00fablico de Santiago del Estero y de distintas provincias del pa\u00eds. Las palabras de apertura estuvieron a cargo de la <strong>Directora de Carrera, Lic. Judith Bitar<\/strong>, y se cont\u00f3 con la presencia de la <strong>Decana de la Facultad de Ciencias de la Salud, Mg. Anal\u00eda Valentini Cristina<\/strong>.<\/p>\n","protected":false},"excerpt":{"rendered":"<p>En el marco del mes de la Psicopedagog\u00eda, la Licenciatura en Psicopedagog\u00eda organiz\u00f3, en modalidad h\u00edbrida, un encuentro que reflexion\u00f3 sobre la importancia de la intervenci\u00f3n psicopedag\u00f3gica en las distintas etapas de la vida.<\/p>\n","protected":false},"author":2,"featured_media":12260,"comment_status":"closed","ping_status":"closed","sticky":false,"template":"","format":"standard","meta":{"_exactmetrics_skip_tracking":false,"_exactmetrics_sitenote_active":false,"_exactmetrics_sitenote_note":"","_exactmetrics_sitenote_category":0,"footnotes":""},"categories":[9,72],"tags":[132,136],"_links":{"self":[{"href":"https:\/\/www.ucse.edu.ar\/notiucse\/wp-json\/wp\/v2\/posts\/12259"}],"collection":[{"href":"https:\/\/www.ucse.edu.ar\/notiucse\/wp-json\/wp\/v2\/posts"}],"about":[{"href":"https:\/\/www.ucse.edu.ar\/notiucse\/wp-json\/wp\/v2\/types\/post"}],"author":[{"embeddable":true,"href":"https:\/\/www.ucse.edu.ar\/notiucse\/wp-json\/wp\/v2\/users\/2"}],"replies":[{"embeddable":true,"href":"https:\/\/www.ucse.edu.ar\/notiucse\/wp-json\/wp\/v2\/comments?post=12259"}],"version-history":[{"count":1,"href":"https:\/\/www.ucse.edu.ar\/notiucse\/wp-json\/wp\/v2\/posts\/12259\/revisions"}],"predecessor-version":[{"id":12261,"href":"https:\/\/www.ucse.edu.ar\/notiucse\/wp-json\/wp\/v2\/posts\/12259\/revisions\/12261"}],"wp:featuredmedia":[{"embeddable":true,"href":"https:\/\/www.ucse.edu.ar\/notiucse\/wp-json\/wp\/v2\/media\/12260"}],"wp:attachment":[{"href":"https:\/\/www.ucse.edu.ar\/notiucse\/wp-json\/wp\/v2\/media?parent=12259"}],"wp:term":[{"taxonomy":"category","embeddable":true,"href":"https:\/\/www.ucse.edu.ar\/notiucse\/wp-json\/wp\/v2\/categories?post=12259"},{"taxonomy":"post_tag","embeddable":true,"href":"https:\/\/www.ucse.edu.ar\/notiucse\/wp-json\/wp\/v2\/tags?post=12259"}],"curies":[{"name":"wp","href":"https:\/\/api.w.org\/{rel}","templated":true}]}}