{"id":12263,"date":"2025-09-17T12:46:30","date_gmt":"2025-09-17T15:46:30","guid":{"rendered":"https:\/\/www.ucse.edu.ar\/notiucse\/?p=12263"},"modified":"2025-09-17T12:46:32","modified_gmt":"2025-09-17T15:46:32","slug":"un-concierto-historico-en-el-teatro-25-de-mayo-reunio-a-coros-y-orquesta-en-una-interpretacion-de-schubert","status":"publish","type":"post","link":"https:\/\/www.ucse.edu.ar\/notiucse\/2025\/09\/17\/un-concierto-historico-en-el-teatro-25-de-mayo-reunio-a-coros-y-orquesta-en-una-interpretacion-de-schubert\/","title":{"rendered":"Un concierto hist\u00f3rico en el Teatro 25 de Mayo reuni\u00f3 a coros y orquesta en una interpretaci\u00f3n de Schubert"},"content":{"rendered":"\n<p>El pasado s\u00e1bado 13 de septiembre, el Teatro 25 de Mayo vivi\u00f3 una noche que quedar\u00e1 en el recuerdo. Con la sala colmada de espectadores, se present\u00f3 el <strong>Gran Concierto del Jubileo<\/strong>, que reuni\u00f3 a tres prestigiosas agrupaciones musicales de Santiago del Estero: el <strong>Coro de C\u00e1mara de la UCSE<\/strong>, el <strong>Coro Estable de la Provincia<\/strong> y la <strong>Orquesta de C\u00e1mara Gioia Giovanile<\/strong>, bajo la direcci\u00f3n del maestro <strong>Roberto Peralta<\/strong>.<\/p>\n\n\n\n<p>El programa incluy\u00f3 la interpretaci\u00f3n de la <em>Misa N\u00b0 2 en Sol Mayor<\/em> de <strong>Franz Schubert<\/strong>, obra de gran exigencia vocal e instrumental, que cont\u00f3 adem\u00e1s con la participaci\u00f3n de los solistas <strong>Fabiana Gunther (soprano)<\/strong>, <strong>Mariano Valladares (tenor)<\/strong>, <strong>Javier Galv\u00e1n (bar\u00edtono)<\/strong> y <strong>Leonardo Guti\u00e9rrez (piano)<\/strong>.<\/p>\n\n\n\n<p>El concierto fue resultado de un esfuerzo conjunto que implic\u00f3 no solo el compromiso art\u00edstico, sino tambi\u00e9n el trabajo de numerosas \u00e1reas de la Universidad Cat\u00f3lica de Santiago del Estero, que brindaron su apoyo para la organizaci\u00f3n y log\u00edstica del evento. En este sentido, los directores de los coros, maestro <strong>Mariano Valladares<\/strong> (Coro de C\u00e1mara de la UCSE) y maestro <strong>Roberto Peralta<\/strong> (Coro Estable y Orquesta Gioia Giovanile), expresaron un especial agradecimiento al rector de la UCSE, <strong>Ing. Luis Eugenio Lucena<\/strong>, y a toda la comunidad universitaria que colabor\u00f3 en la concreci\u00f3n de esta propuesta cultural.<\/p>\n\n\n\n<p>Con una ovaci\u00f3n de pie, el p\u00fablico reconoci\u00f3 la calidad de la interpretaci\u00f3n y el valor de generar instancias que potencian la vida cultural de la provincia.<\/p>\n","protected":false},"excerpt":{"rendered":"<p>Con localidades colmadas, el Coro de C\u00e1mara de la UCSE, el Coro Estable de la Provincia y la Orquesta de C\u00e1mara Gioia Giovanile ofrecieron una memorable versi\u00f3n de la Misa N\u00b0 2 en Sol Mayor de Franz Schubert. El encuentro fue posible gracias al trabajo conjunto de instituciones y al apoyo de la Universidad Cat\u00f3lica de Santiago del Estero.<\/p>\n","protected":false},"author":2,"featured_media":12264,"comment_status":"closed","ping_status":"closed","sticky":false,"template":"","format":"standard","meta":{"_exactmetrics_skip_tracking":false,"_exactmetrics_sitenote_active":false,"_exactmetrics_sitenote_note":"","_exactmetrics_sitenote_category":0,"footnotes":""},"categories":[11],"tags":[190,191,122],"_links":{"self":[{"href":"https:\/\/www.ucse.edu.ar\/notiucse\/wp-json\/wp\/v2\/posts\/12263"}],"collection":[{"href":"https:\/\/www.ucse.edu.ar\/notiucse\/wp-json\/wp\/v2\/posts"}],"about":[{"href":"https:\/\/www.ucse.edu.ar\/notiucse\/wp-json\/wp\/v2\/types\/post"}],"author":[{"embeddable":true,"href":"https:\/\/www.ucse.edu.ar\/notiucse\/wp-json\/wp\/v2\/users\/2"}],"replies":[{"embeddable":true,"href":"https:\/\/www.ucse.edu.ar\/notiucse\/wp-json\/wp\/v2\/comments?post=12263"}],"version-history":[{"count":1,"href":"https:\/\/www.ucse.edu.ar\/notiucse\/wp-json\/wp\/v2\/posts\/12263\/revisions"}],"predecessor-version":[{"id":12265,"href":"https:\/\/www.ucse.edu.ar\/notiucse\/wp-json\/wp\/v2\/posts\/12263\/revisions\/12265"}],"wp:featuredmedia":[{"embeddable":true,"href":"https:\/\/www.ucse.edu.ar\/notiucse\/wp-json\/wp\/v2\/media\/12264"}],"wp:attachment":[{"href":"https:\/\/www.ucse.edu.ar\/notiucse\/wp-json\/wp\/v2\/media?parent=12263"}],"wp:term":[{"taxonomy":"category","embeddable":true,"href":"https:\/\/www.ucse.edu.ar\/notiucse\/wp-json\/wp\/v2\/categories?post=12263"},{"taxonomy":"post_tag","embeddable":true,"href":"https:\/\/www.ucse.edu.ar\/notiucse\/wp-json\/wp\/v2\/tags?post=12263"}],"curies":[{"name":"wp","href":"https:\/\/api.w.org\/{rel}","templated":true}]}}