{"id":12305,"date":"2025-10-01T07:56:38","date_gmt":"2025-10-01T10:56:38","guid":{"rendered":"https:\/\/www.ucse.edu.ar\/notiucse\/?p=12305"},"modified":"2025-10-01T07:56:40","modified_gmt":"2025-10-01T10:56:40","slug":"ultimos-dias-para-inscribirse-al-curso-de-ingreso-anticipado-2026-en-ucse-rafaela","status":"publish","type":"post","link":"https:\/\/www.ucse.edu.ar\/notiucse\/2025\/10\/01\/ultimos-dias-para-inscribirse-al-curso-de-ingreso-anticipado-2026-en-ucse-rafaela\/","title":{"rendered":"\u00daltimos d\u00edas para inscribirse al Curso de Ingreso Anticipado 2026 en UCSE Rafaela"},"content":{"rendered":"\n<p>La <strong>Sede Rafaela de la Universidad Cat\u00f3lica de Santiago del Estero (UCSE)<\/strong> inform\u00f3 que contin\u00faa abierta la inscripci\u00f3n al <strong>Curso de Ingreso Anticipado 2026<\/strong>, cuya fecha de inicio ser\u00e1 el pr\u00f3ximo <strong>martes 7 de octubre<\/strong>.<\/p>\n\n\n\n<p>La instancia est\u00e1 destinada a los aspirantes de todas las carreras que ofrece la sede: <strong>Ingenier\u00eda en Inform\u00e1tica, Contador P\u00fablico, Abogac\u00eda, Licenciaturas en Psicolog\u00eda, Psicopedagog\u00eda, Comunicaci\u00f3n Social, Administraci\u00f3n, Turismo y Dise\u00f1o de la Comunicaci\u00f3n Visual, as\u00ed como las Tecnicaturas en Acompa\u00f1amiento Terap\u00e9utico, Inform\u00e1tica y Periodismo y Tecnolog\u00edas de la Comunicaci\u00f3n.<\/strong><\/p>\n\n\n\n<p>El Curso de Ingreso, denominado <strong>\u201cPrograma de Integraci\u00f3n a la Universidad\u201d<\/strong>, busca favorecer el proceso de adaptaci\u00f3n de los futuros estudiantes al \u00e1mbito universitario. Est\u00e1 dise\u00f1ado como un espacio de <strong>reflexi\u00f3n vocacional, integraci\u00f3n a la vida acad\u00e9mica, desarrollo de h\u00e1bitos de estudio y aprendizaje aut\u00f3nomo<\/strong>, con una introducci\u00f3n a la disciplina elegida.<\/p>\n\n\n\n<p>La propuesta se organiza en <strong>tres m\u00f3dulos presenciales<\/strong>, dictados en el campus universitario (Bv. Hip\u00f3lito Yrigoyen 1502) en horario vespertino, y se complementa con actividades en la plataforma virtual institucional. El cursado es de car\u00e1cter <strong>obligatorio, proped\u00e9utico y nivelatorio (no eliminatorio)<\/strong>.<\/p>\n\n\n\n<p>Las inscripciones se realizan exclusivamente a trav\u00e9s de la web institucional: <a href=\"https:\/\/www.ucse.edu.ar\/ingreso?utm_source=chatgpt.com\">www.ucse.edu.ar\/ingreso<\/a>. Para m\u00e1s informaci\u00f3n, los interesados pueden comunicarse por correo a <strong><a>info.dar@ucse.edu.ar<\/a><\/strong>, v\u00eda WhatsApp al <strong>3492-686796<\/strong>, por redes sociales (@ucsedar), o acercarse al campus de lunes a viernes de 15 a 21 horas.<\/p>\n","protected":false},"excerpt":{"rendered":"<p>La propuesta comenzar\u00e1 el martes 7 de octubre y est\u00e1 dirigida a todos los interesados en iniciar sus estudios universitarios el pr\u00f3ximo a\u00f1o.<\/p>\n","protected":false},"author":2,"featured_media":12306,"comment_status":"closed","ping_status":"closed","sticky":false,"template":"","format":"standard","meta":{"_exactmetrics_skip_tracking":false,"_exactmetrics_sitenote_active":false,"_exactmetrics_sitenote_note":"","_exactmetrics_sitenote_category":0,"footnotes":""},"categories":[20],"tags":[35],"_links":{"self":[{"href":"https:\/\/www.ucse.edu.ar\/notiucse\/wp-json\/wp\/v2\/posts\/12305"}],"collection":[{"href":"https:\/\/www.ucse.edu.ar\/notiucse\/wp-json\/wp\/v2\/posts"}],"about":[{"href":"https:\/\/www.ucse.edu.ar\/notiucse\/wp-json\/wp\/v2\/types\/post"}],"author":[{"embeddable":true,"href":"https:\/\/www.ucse.edu.ar\/notiucse\/wp-json\/wp\/v2\/users\/2"}],"replies":[{"embeddable":true,"href":"https:\/\/www.ucse.edu.ar\/notiucse\/wp-json\/wp\/v2\/comments?post=12305"}],"version-history":[{"count":1,"href":"https:\/\/www.ucse.edu.ar\/notiucse\/wp-json\/wp\/v2\/posts\/12305\/revisions"}],"predecessor-version":[{"id":12307,"href":"https:\/\/www.ucse.edu.ar\/notiucse\/wp-json\/wp\/v2\/posts\/12305\/revisions\/12307"}],"wp:featuredmedia":[{"embeddable":true,"href":"https:\/\/www.ucse.edu.ar\/notiucse\/wp-json\/wp\/v2\/media\/12306"}],"wp:attachment":[{"href":"https:\/\/www.ucse.edu.ar\/notiucse\/wp-json\/wp\/v2\/media?parent=12305"}],"wp:term":[{"taxonomy":"category","embeddable":true,"href":"https:\/\/www.ucse.edu.ar\/notiucse\/wp-json\/wp\/v2\/categories?post=12305"},{"taxonomy":"post_tag","embeddable":true,"href":"https:\/\/www.ucse.edu.ar\/notiucse\/wp-json\/wp\/v2\/tags?post=12305"}],"curies":[{"name":"wp","href":"https:\/\/api.w.org\/{rel}","templated":true}]}}