{"id":12315,"date":"2025-10-02T14:49:19","date_gmt":"2025-10-02T17:49:19","guid":{"rendered":"https:\/\/www.ucse.edu.ar\/notiucse\/?p=12315"},"modified":"2025-10-02T14:49:39","modified_gmt":"2025-10-02T17:49:39","slug":"jornadas-cientificas-en-la-ucse-un-enfoque-integral-e-interdisciplinario-sobre-discapacidad","status":"publish","type":"post","link":"https:\/\/www.ucse.edu.ar\/notiucse\/2025\/10\/02\/jornadas-cientificas-en-la-ucse-un-enfoque-integral-e-interdisciplinario-sobre-discapacidad\/","title":{"rendered":"Jornadas cient\u00edficas en la UCSE: un enfoque integral e interdisciplinario sobre discapacidad"},"content":{"rendered":"\n<p>En la Universidad Cat\u00f3lica de Santiago del Estero se llevar\u00e1 a cabo la<strong> 2\u00aa Jornada Cient\u00edfica para Estudiantes y Graduados en Ciencias de la Salud<\/strong> bajo el lema <em>\u201cDiscapacidad y Salud: hacia un abordaje integral, inclusivo e interdisciplinario\u201d<\/em>. La cita ser\u00e1 el <strong>2 y 3 de octubre, de 18 a 21 horas, en el Auditorio UCSE<\/strong>, con la participaci\u00f3n de especialistas que abordar\u00e1n la tem\u00e1tica desde la educaci\u00f3n, la justicia, la kinesiolog\u00eda, la psicomotricidad y la terapia ocupacional.<\/p>\n\n\n\n<p>La primera jornada se abrir\u00e1 con la conferencia \u201c<em>Perspectivas sobre la Discapacidad y la Salud<\/em>\u201d, a cargo de la Dra. Carolina Ag\u00fcero y la Lic. Paula Mansilla. Luego se desarrollar\u00e1 el Panel 1, enfocado en el modelo social de la discapacidad, con intervenciones de la Lic. Anal\u00eda Ivanice Lescano y la Lic. Gabriela Cintia Beatriz Aranda. Posteriormente, el Panel 2 se centrar\u00e1 en la cl\u00ednica de la discapacidad en la infancia, con ponencias de las licenciadas Karla Caballero, Camila Magali Ruiz Ponce y Nicol\u00e1s Agust\u00edn Fonzo Barbera, junto a la psicomotricista Julieta Padilla.<\/p>\n\n\n\n<p>El viernes 3 de octubre la apertura estar\u00e1 a cargo de una presentaci\u00f3n musical del Hogar con Centro de D\u00eda El Jard\u00edn, y la conferencia \u201c<em>Discapacidad en el \u00e1mbito de la Justicia<\/em>\u201d a cargo de la Lic. Judith Bitar y el especialista Leandro Peiretti. El Panel 3 estar\u00e1 dedicado a los abordajes cl\u00ednicos y terap\u00e9uticos, con la participaci\u00f3n de la Lic. Guillermina Petracca y la Lic. Adriana Mansilla. Finalmente, el Panel 4 se enfocar\u00e1 en las intervenciones desde la kinesiolog\u00eda y la estimulaci\u00f3n temprana en la provincia, con aportes de la Lic. Silvia Santill\u00e1n y Nadia Maldonado.<\/p>\n","protected":false},"excerpt":{"rendered":"<p>Conferencias y paneles interdisciplinarios marcar\u00e1n dos d\u00edas de debate y reflexi\u00f3n sobre inclusi\u00f3n, justicia y nuevas perspectivas en el abordaje de la discapacidad.<\/p>\n","protected":false},"author":2,"featured_media":12316,"comment_status":"closed","ping_status":"closed","sticky":false,"template":"","format":"standard","meta":{"_exactmetrics_skip_tracking":false,"_exactmetrics_sitenote_active":false,"_exactmetrics_sitenote_note":"","_exactmetrics_sitenote_category":0,"footnotes":""},"categories":[9,72],"tags":[],"_links":{"self":[{"href":"https:\/\/www.ucse.edu.ar\/notiucse\/wp-json\/wp\/v2\/posts\/12315"}],"collection":[{"href":"https:\/\/www.ucse.edu.ar\/notiucse\/wp-json\/wp\/v2\/posts"}],"about":[{"href":"https:\/\/www.ucse.edu.ar\/notiucse\/wp-json\/wp\/v2\/types\/post"}],"author":[{"embeddable":true,"href":"https:\/\/www.ucse.edu.ar\/notiucse\/wp-json\/wp\/v2\/users\/2"}],"replies":[{"embeddable":true,"href":"https:\/\/www.ucse.edu.ar\/notiucse\/wp-json\/wp\/v2\/comments?post=12315"}],"version-history":[{"count":1,"href":"https:\/\/www.ucse.edu.ar\/notiucse\/wp-json\/wp\/v2\/posts\/12315\/revisions"}],"predecessor-version":[{"id":12317,"href":"https:\/\/www.ucse.edu.ar\/notiucse\/wp-json\/wp\/v2\/posts\/12315\/revisions\/12317"}],"wp:featuredmedia":[{"embeddable":true,"href":"https:\/\/www.ucse.edu.ar\/notiucse\/wp-json\/wp\/v2\/media\/12316"}],"wp:attachment":[{"href":"https:\/\/www.ucse.edu.ar\/notiucse\/wp-json\/wp\/v2\/media?parent=12315"}],"wp:term":[{"taxonomy":"category","embeddable":true,"href":"https:\/\/www.ucse.edu.ar\/notiucse\/wp-json\/wp\/v2\/categories?post=12315"},{"taxonomy":"post_tag","embeddable":true,"href":"https:\/\/www.ucse.edu.ar\/notiucse\/wp-json\/wp\/v2\/tags?post=12315"}],"curies":[{"name":"wp","href":"https:\/\/api.w.org\/{rel}","templated":true}]}}