{"id":12353,"date":"2025-10-14T19:46:51","date_gmt":"2025-10-14T22:46:51","guid":{"rendered":"https:\/\/www.ucse.edu.ar\/notiucse\/?p=12353"},"modified":"2025-10-14T19:46:52","modified_gmt":"2025-10-14T22:46:52","slug":"ingreso-anticipado-ucse-abrio-sus-puertas-a-una-nueva-generacion-de-estudiantes-2026","status":"publish","type":"post","link":"https:\/\/www.ucse.edu.ar\/notiucse\/2025\/10\/14\/ingreso-anticipado-ucse-abrio-sus-puertas-a-una-nueva-generacion-de-estudiantes-2026\/","title":{"rendered":"Ingreso Anticipado: UCSE abri\u00f3 sus puertas a una nueva generaci\u00f3n de estudiantes 2026"},"content":{"rendered":"\n<p>El <strong>martes 14 de octubre<\/strong>, a partir de las <strong>19 horas<\/strong>, la <strong>Universidad Cat\u00f3lica de Santiago del Estero<\/strong> abri\u00f3 sus puertas para dar la bienvenida a m\u00e1s de <strong>600 estudiantes<\/strong> que iniciaron el <strong>Curso de Ingreso Anticipado 2026<\/strong>, una propuesta que permite a los j\u00f3venes comenzar su acercamiento a la vida universitaria antes de finalizar el a\u00f1o lectivo.<\/p>\n\n\n\n<p>El encuentro se desarroll\u00f3 en el <strong>campus universitario de la UCSE<\/strong>, donde los futuros ingresantes fueron recibidos con una jornada de bienvenida especialmente pensada para promover la integraci\u00f3n y el conocimiento institucional. Durante la apertura, los estudiantes de la <strong>Facultad de Ciencias de la Salud<\/strong> y de <strong>Facultad de Ciencias Pol\u00edticas, Sociales y Jur\u00eddicas<\/strong>, junto con integrantes del Centro de Estudiantes de dicha facultad, guiaron a los ingresantes en diversas actividades l\u00fadicas y din\u00e1micas grupales. Adem\u00e1s, <strong>docentes tutores de todas las facultades <\/strong>colaboraron en el desarrollo de la jornada, acompa\u00f1ando a los nuevos estudiantes en este primer acercamiento a la vida universitaria<\/p>\n\n\n\n<p>La organizaci\u00f3n general del evento estuvo a cargo de la Direcci\u00f3n de Ingreso, liderada por la <strong>Abogada Andrea Lucena,<\/strong> quien acompa\u00f1\u00f3 a los presentes con informaci\u00f3n detallada sobre la estructura del curso, los m\u00f3dulos de trabajo, los horarios y las modalidades de cursado, adem\u00e1s de orientar a los estudiantes sobre sus primeros pasos en la vida acad\u00e9mica universitaria.<\/p>\n\n\n\n<h3 class=\"wp-block-heading has-medium-font-size\"><strong>Sobre el Curso de Ingreso Anticipado<\/strong><\/h3>\n\n\n\n<p>El curso de ingreso est\u00e1 conformado por tres m\u00f3dulos obligatorios. El primero, de <strong>Reflexi\u00f3n Vocacional<\/strong>, invita a los estudiantes a pensar sobre su proyecto profesional y personal, brindando herramientas para una elecci\u00f3n de carrera m\u00e1s consciente y ajustada a sus expectativas. El segundo, <strong>\u201cLa vida en la Universidad y en los entornos virtuales\u201d<\/strong>, presenta el funcionamiento institucional y las plataformas digitales de la UCSE, facilitando la integraci\u00f3n y el uso aut\u00f3nomo de los recursos acad\u00e9micos. Finalmente, el tercer m\u00f3dulo, <strong>Introducci\u00f3n a la l\u00f3gica disciplinar<\/strong>, propone un primer acercamiento a los fundamentos te\u00f3ricos y metodol\u00f3gicos de cada carrera, favoreciendo la comprensi\u00f3n del modo de pensar, estudiar y trabajar propio de cada campo profesional.<\/p>\n\n\n\n<p>Se trata de un curso de ingreso flexible, que combina clases presenciales con actividades virtuales sincr\u00f3nicas y asincr\u00f3nicas, adem\u00e1s de asignar a cada estudiante un tutor que gu\u00eda y acompa\u00f1a durante todo el proceso. El objetivo es que los aspirantes inicien su recorrido universitario preparados, seguros y con una comprensi\u00f3n integral del \u00e1mbito acad\u00e9mico.<\/p>\n\n\n\n<p>Asimismo, se contemplan excepciones para quienes provengan de determinados contextos educativos, como egresados de universidades o institutos terciarios, o aquellos que posean materias aprobadas en carreras de formaci\u00f3n superior, pudiendo as\u00ed quedar exceptuados de realizar el curso.<\/p>\n","protected":false},"excerpt":{"rendered":"<p>Con una amplia convocatoria y un clima de entusiasmo, los aspirantes vivieron una jornada marcada por la participaci\u00f3n y las actividades l\u00fadicas.<\/p>\n","protected":false},"author":2,"featured_media":12354,"comment_status":"closed","ping_status":"closed","sticky":false,"template":"","format":"standard","meta":{"_exactmetrics_skip_tracking":false,"_exactmetrics_sitenote_active":false,"_exactmetrics_sitenote_note":"","_exactmetrics_sitenote_category":0,"footnotes":""},"categories":[73,72],"tags":[52],"_links":{"self":[{"href":"https:\/\/www.ucse.edu.ar\/notiucse\/wp-json\/wp\/v2\/posts\/12353"}],"collection":[{"href":"https:\/\/www.ucse.edu.ar\/notiucse\/wp-json\/wp\/v2\/posts"}],"about":[{"href":"https:\/\/www.ucse.edu.ar\/notiucse\/wp-json\/wp\/v2\/types\/post"}],"author":[{"embeddable":true,"href":"https:\/\/www.ucse.edu.ar\/notiucse\/wp-json\/wp\/v2\/users\/2"}],"replies":[{"embeddable":true,"href":"https:\/\/www.ucse.edu.ar\/notiucse\/wp-json\/wp\/v2\/comments?post=12353"}],"version-history":[{"count":4,"href":"https:\/\/www.ucse.edu.ar\/notiucse\/wp-json\/wp\/v2\/posts\/12353\/revisions"}],"predecessor-version":[{"id":12591,"href":"https:\/\/www.ucse.edu.ar\/notiucse\/wp-json\/wp\/v2\/posts\/12353\/revisions\/12591"}],"wp:featuredmedia":[{"embeddable":true,"href":"https:\/\/www.ucse.edu.ar\/notiucse\/wp-json\/wp\/v2\/media\/12354"}],"wp:attachment":[{"href":"https:\/\/www.ucse.edu.ar\/notiucse\/wp-json\/wp\/v2\/media?parent=12353"}],"wp:term":[{"taxonomy":"category","embeddable":true,"href":"https:\/\/www.ucse.edu.ar\/notiucse\/wp-json\/wp\/v2\/categories?post=12353"},{"taxonomy":"post_tag","embeddable":true,"href":"https:\/\/www.ucse.edu.ar\/notiucse\/wp-json\/wp\/v2\/tags?post=12353"}],"curies":[{"name":"wp","href":"https:\/\/api.w.org\/{rel}","templated":true}]}}