{"id":12370,"date":"2025-10-20T14:57:40","date_gmt":"2025-10-20T17:57:40","guid":{"rendered":"https:\/\/www.ucse.edu.ar\/notiucse\/?p=12370"},"modified":"2025-10-20T14:57:41","modified_gmt":"2025-10-20T17:57:41","slug":"la-ucse-celebra-la-semana-de-la-comunicacion-2025-con-una-agenda-llena-de-creatividad-y-nuevas-propuestas","status":"publish","type":"post","link":"https:\/\/www.ucse.edu.ar\/notiucse\/2025\/10\/20\/la-ucse-celebra-la-semana-de-la-comunicacion-2025-con-una-agenda-llena-de-creatividad-y-nuevas-propuestas\/","title":{"rendered":"La UCSE celebra la Semana de la Comunicaci\u00f3n 2025 con una agenda llena de creatividad y nuevas propuestas"},"content":{"rendered":"\n<p>Este lunes, la Universidad Cat\u00f3lica de Santiago del Estero, se prepara para vivir una nueva edici\u00f3n de la <strong>Semana de la Comunicaci\u00f3n<\/strong>, un evento institucional que a\u00f1o tras a\u00f1o re\u00fane a estudiantes, docentes y profesionales del \u00e1mbito comunicacional. La edici\u00f3n 2025, que comenzar\u00e1 hoy <strong>lunes 20 de octubre<\/strong>, marcar\u00e1 adem\u00e1s el <strong>36\u00b0 aniversario<\/strong> de la carrera de <strong>Licenciatura en Comunicaci\u00f3n Social<\/strong>, con una agenda repleta de actividades acad\u00e9micas, culturales y participativas.<\/p>\n\n\n\n<p>Durante la semana, la universidad ser\u00e1 escenario de <strong>charlas, talleres, muestras y proyecciones<\/strong>, donde los estudiantes de primero a cuarto a\u00f1o presentar\u00e1n sus trabajos, proyectos y producciones audiovisuales.<br>Una de las novedades de esta edici\u00f3n ser\u00e1 la <strong>puesta en valor de las tres nuevas tecnicaturas<\/strong> derivadas del cambio de plan de estudios: <strong>Periodismo y Tecnolog\u00edas de la Informaci\u00f3n, Dise\u00f1o Multimedial y Community Management<\/strong>, cuyas producciones tambi\u00e9n ser\u00e1n exhibidas en el pabell\u00f3n de la <strong>Facultad de Ciencias para la Innovaci\u00f3n y el Desarrollo<\/strong>.<\/p>\n\n\n\n<p>El <strong>jueves 23 de octubre<\/strong>, las celebraciones culminar\u00e1n con una <strong>gran feria de cierre<\/strong>, que incluir\u00e1 una <strong>radio abierta, proyecciones audiovisuales, presentaciones musicales y sorteos<\/strong>. Adem\u00e1s, la propuesta tendr\u00e1 un <strong>fin solidario<\/strong>, con una colecta de alimentos organizada por los propios estudiantes.<\/p>\n\n\n\n<p>Entre las actividades destacadas se suman dos estrenos: un <strong>concurso de cr\u00f3nicas<\/strong>, abierto a estudiantes de nivel superior de carreras afines al periodismo y la comunicaci\u00f3n, y un <strong>laboratorio de cortometrajes<\/strong>, pensado para estudiantes de primer a\u00f1o de cualquier carrera, quienes aprender\u00e1n a realizar una pieza de ficci\u00f3n en apenas 72 horas.<\/p>\n\n\n\n<p>La Semana de la Comunicaci\u00f3n 2025 es organizada por los alumnos y docentes de la carrera, con el acompa\u00f1amiento de la <strong>Direcci\u00f3n de Carrera<\/strong>, a cargo de la <strong>Lic. Jesica Escalada<\/strong>. Para conocer el cronograma completo de actividades y horarios, se puede visitar las cuentas oficiales de Instagram: <strong>@fcidoficial<\/strong> y <strong>@comunicacionsocialoficial<\/strong>.<\/p>\n","protected":false},"excerpt":{"rendered":"<p>La carrera de Licenciatura en Comunicaci\u00f3n Social cumple 36 a\u00f1os y lo festeja con charlas, talleres, cortometrajes y una feria interactiva.<\/p>\n","protected":false},"author":2,"featured_media":12371,"comment_status":"closed","ping_status":"closed","sticky":false,"template":"","format":"standard","meta":{"_exactmetrics_skip_tracking":false,"_exactmetrics_sitenote_active":false,"_exactmetrics_sitenote_note":"","_exactmetrics_sitenote_category":0,"footnotes":""},"categories":[10],"tags":[169,201],"_links":{"self":[{"href":"https:\/\/www.ucse.edu.ar\/notiucse\/wp-json\/wp\/v2\/posts\/12370"}],"collection":[{"href":"https:\/\/www.ucse.edu.ar\/notiucse\/wp-json\/wp\/v2\/posts"}],"about":[{"href":"https:\/\/www.ucse.edu.ar\/notiucse\/wp-json\/wp\/v2\/types\/post"}],"author":[{"embeddable":true,"href":"https:\/\/www.ucse.edu.ar\/notiucse\/wp-json\/wp\/v2\/users\/2"}],"replies":[{"embeddable":true,"href":"https:\/\/www.ucse.edu.ar\/notiucse\/wp-json\/wp\/v2\/comments?post=12370"}],"version-history":[{"count":1,"href":"https:\/\/www.ucse.edu.ar\/notiucse\/wp-json\/wp\/v2\/posts\/12370\/revisions"}],"predecessor-version":[{"id":12372,"href":"https:\/\/www.ucse.edu.ar\/notiucse\/wp-json\/wp\/v2\/posts\/12370\/revisions\/12372"}],"wp:featuredmedia":[{"embeddable":true,"href":"https:\/\/www.ucse.edu.ar\/notiucse\/wp-json\/wp\/v2\/media\/12371"}],"wp:attachment":[{"href":"https:\/\/www.ucse.edu.ar\/notiucse\/wp-json\/wp\/v2\/media?parent=12370"}],"wp:term":[{"taxonomy":"category","embeddable":true,"href":"https:\/\/www.ucse.edu.ar\/notiucse\/wp-json\/wp\/v2\/categories?post=12370"},{"taxonomy":"post_tag","embeddable":true,"href":"https:\/\/www.ucse.edu.ar\/notiucse\/wp-json\/wp\/v2\/tags?post=12370"}],"curies":[{"name":"wp","href":"https:\/\/api.w.org\/{rel}","templated":true}]}}