{"id":12374,"date":"2025-10-23T12:08:44","date_gmt":"2025-10-23T15:08:44","guid":{"rendered":"https:\/\/www.ucse.edu.ar\/notiucse\/?p=12374"},"modified":"2025-10-23T12:08:45","modified_gmt":"2025-10-23T15:08:45","slug":"estudiantes-de-fonoaudiologia-impulsaron-una-jornada-de-concientizacion-sobre-la-tartamudez","status":"publish","type":"post","link":"https:\/\/www.ucse.edu.ar\/notiucse\/2025\/10\/23\/estudiantes-de-fonoaudiologia-impulsaron-una-jornada-de-concientizacion-sobre-la-tartamudez\/","title":{"rendered":"Estudiantes de Fonoaudiolog\u00eda impulsaron una jornada de concientizaci\u00f3n sobre la tartamudez"},"content":{"rendered":"\n<p>En el hall central de la Universidad Cat\u00f3lica de Santiago del Estero (UCSE), estudiantes de la c\u00e1tedra <strong>Optativa I: Alteraciones de la Fluidez<\/strong> llevaron adelante una jornada de concientizaci\u00f3n sobre la tartamudez, con el prop\u00f3sito de <strong>derribar mitos, brindar informaci\u00f3n cient\u00edfica actualizada y visibilizar el rol profesional del fonoaudi\u00f3logo<\/strong> en el abordaje de esta alteraci\u00f3n del habla.<\/p>\n\n\n\n<p>La propuesta consisti\u00f3 en un <strong>stand informativo<\/strong> con material educativo, folleter\u00eda y recursos interactivos, donde los alumnos compartieron con la comunidad universitaria los avances m\u00e1s recientes en torno a la comprensi\u00f3n, evaluaci\u00f3n y tratamiento de la tartamudez.<\/p>\n\n\n\n<p>La iniciativa busc\u00f3 <strong>promover la empat\u00eda y la comprensi\u00f3n social<\/strong> hacia las personas que presentan alteraciones en la fluidez del habla, subrayando la importancia de una mirada interdisciplinaria y humanizada en la atenci\u00f3n fonoaudiol\u00f3gica.<\/p>\n\n\n\n<p>Adem\u00e1s, se record\u00f3 que la <strong>carrera de Fonoaudiolog\u00eda de la UCSE<\/strong> cuenta con un <strong>Servicio de Orientaci\u00f3n para la Tartamudez (SOT)<\/strong>, donde se brinda acompa\u00f1amiento y orientaci\u00f3n. <\/p>\n","protected":false},"excerpt":{"rendered":"<p>En el marco del Mes Internacional de la Toma de Conciencia de la Tartamudez, alumnos de la carrera de Fonoaudiolog\u00eda realizaron una actividad informativa y de sensibilizaci\u00f3n.<\/p>\n","protected":false},"author":2,"featured_media":12375,"comment_status":"closed","ping_status":"closed","sticky":false,"template":"","format":"standard","meta":{"_exactmetrics_skip_tracking":false,"_exactmetrics_sitenote_active":false,"_exactmetrics_sitenote_note":"","_exactmetrics_sitenote_category":0,"footnotes":""},"categories":[9,72],"tags":[52,132],"_links":{"self":[{"href":"https:\/\/www.ucse.edu.ar\/notiucse\/wp-json\/wp\/v2\/posts\/12374"}],"collection":[{"href":"https:\/\/www.ucse.edu.ar\/notiucse\/wp-json\/wp\/v2\/posts"}],"about":[{"href":"https:\/\/www.ucse.edu.ar\/notiucse\/wp-json\/wp\/v2\/types\/post"}],"author":[{"embeddable":true,"href":"https:\/\/www.ucse.edu.ar\/notiucse\/wp-json\/wp\/v2\/users\/2"}],"replies":[{"embeddable":true,"href":"https:\/\/www.ucse.edu.ar\/notiucse\/wp-json\/wp\/v2\/comments?post=12374"}],"version-history":[{"count":1,"href":"https:\/\/www.ucse.edu.ar\/notiucse\/wp-json\/wp\/v2\/posts\/12374\/revisions"}],"predecessor-version":[{"id":12376,"href":"https:\/\/www.ucse.edu.ar\/notiucse\/wp-json\/wp\/v2\/posts\/12374\/revisions\/12376"}],"wp:featuredmedia":[{"embeddable":true,"href":"https:\/\/www.ucse.edu.ar\/notiucse\/wp-json\/wp\/v2\/media\/12375"}],"wp:attachment":[{"href":"https:\/\/www.ucse.edu.ar\/notiucse\/wp-json\/wp\/v2\/media?parent=12374"}],"wp:term":[{"taxonomy":"category","embeddable":true,"href":"https:\/\/www.ucse.edu.ar\/notiucse\/wp-json\/wp\/v2\/categories?post=12374"},{"taxonomy":"post_tag","embeddable":true,"href":"https:\/\/www.ucse.edu.ar\/notiucse\/wp-json\/wp\/v2\/tags?post=12374"}],"curies":[{"name":"wp","href":"https:\/\/api.w.org\/{rel}","templated":true}]}}