{"id":12377,"date":"2025-10-23T12:32:29","date_gmt":"2025-10-23T15:32:29","guid":{"rendered":"https:\/\/www.ucse.edu.ar\/notiucse\/?p=12377"},"modified":"2025-10-23T12:32:30","modified_gmt":"2025-10-23T15:32:30","slug":"la-universidad-fue-sede-de-la-segunda-jornada-cientifica-de-graduados-en-ciencias-de-la-salud","status":"publish","type":"post","link":"https:\/\/www.ucse.edu.ar\/notiucse\/2025\/10\/23\/la-universidad-fue-sede-de-la-segunda-jornada-cientifica-de-graduados-en-ciencias-de-la-salud\/","title":{"rendered":"La universidad fue sede de la Segunda Jornada Cient\u00edfica de Graduados en Ciencias de la Salud"},"content":{"rendered":"\n<p>En octubre la <strong>Universidad Cat\u00f3lica de Santiago del Estero <\/strong>llev\u00f3 a cabo la <strong>Segunda Jornada Cient\u00edfica para Estudiantes y Graduados en Ciencias de la Salud<\/strong>, organizada por la <strong>Comisi\u00f3n de Graduados de la Facultad de Ciencias de la Salud<\/strong>.<\/p>\n\n\n\n<p>El encuentro reuni\u00f3 a <strong>profesionales, docentes y estudiantes de diversas disciplinas<\/strong> vinculadas con la salud, la educaci\u00f3n y la intervenci\u00f3n social, con el objetivo de <strong>fortalecer el di\u00e1logo interdisciplinario<\/strong> y promover <strong>una mirada integral e inclusiva<\/strong> sobre la discapacidad.<\/p>\n\n\n\n<p>Durante las dos jornadas se realizaron <strong>ponencias, mesas de trabajo y espacios de intercambio<\/strong>, donde se abordaron experiencias, investigaciones y propuestas centradas en la equidad, la accesibilidad y la participaci\u00f3n activa de las personas con discapacidad en distintos \u00e1mbitos sociales. La actividad cont\u00f3 con la <strong>participaci\u00f3n especial de la Escuela Especial IMER<\/strong> y del <strong>Hogar con Centro de D\u00eda El Jard\u00edn<\/strong>, que aportaron una <strong>presentaci\u00f3n en lengua de se\u00f1as<\/strong> y una <strong>intervenci\u00f3n musical<\/strong>, respectivamente, sumando arte y expresi\u00f3n a la reflexi\u00f3n acad\u00e9mica.<\/p>\n\n\n\n<p>Entre los <strong>disertantes invitados<\/strong> se destacaron la <strong>Dra. Carolina Ag\u00fcero<\/strong>, la <strong>Lic. Paula Mansilla<\/strong>, el <strong>Lic. Leandro Peiretti<\/strong>, la <strong>Lic. Judith Bitar<\/strong>, la <strong>Lic. Guillermina Petracca<\/strong> y la <strong>Lic. Silvia Santill\u00e1n<\/strong>, junto con graduados y estudiantes que compartieron los resultados de sus trabajos de investigaci\u00f3n.<\/p>\n\n\n\n<p>Acompa\u00f1aron el evento la <strong>Decana de la Facultad de Ciencias de la Salud, Mg. Anal\u00eda Valentini<\/strong>, y el <strong>Vicedecano, Lic. Mario Diosquez<\/strong>. Por parte del Rectorado, estuvieron presentes la <strong>Secretaria Acad\u00e9mica, Lic. Claudia Cavallotti<\/strong>, y la <strong>Secretaria de Extensi\u00f3n, Lic. Mar\u00eda Rosa Barbar\u00e1n<\/strong>.<\/p>\n","protected":false},"excerpt":{"rendered":"<p>Bajo el lema \u201cDiscapacidad y Salud: hacia un abordaje integral, inclusivo e interdisciplinario\u201d, profesionales, docentes y estudiantes compartieron experiencias, investigaciones y propuestas en torno a los desaf\u00edos actuales de la discapacidad.<\/p>\n","protected":false},"author":2,"featured_media":12378,"comment_status":"closed","ping_status":"closed","sticky":false,"template":"","format":"standard","meta":{"_exactmetrics_skip_tracking":false,"_exactmetrics_sitenote_active":false,"_exactmetrics_sitenote_note":"","_exactmetrics_sitenote_category":0,"footnotes":""},"categories":[9,72],"tags":[132],"_links":{"self":[{"href":"https:\/\/www.ucse.edu.ar\/notiucse\/wp-json\/wp\/v2\/posts\/12377"}],"collection":[{"href":"https:\/\/www.ucse.edu.ar\/notiucse\/wp-json\/wp\/v2\/posts"}],"about":[{"href":"https:\/\/www.ucse.edu.ar\/notiucse\/wp-json\/wp\/v2\/types\/post"}],"author":[{"embeddable":true,"href":"https:\/\/www.ucse.edu.ar\/notiucse\/wp-json\/wp\/v2\/users\/2"}],"replies":[{"embeddable":true,"href":"https:\/\/www.ucse.edu.ar\/notiucse\/wp-json\/wp\/v2\/comments?post=12377"}],"version-history":[{"count":1,"href":"https:\/\/www.ucse.edu.ar\/notiucse\/wp-json\/wp\/v2\/posts\/12377\/revisions"}],"predecessor-version":[{"id":12379,"href":"https:\/\/www.ucse.edu.ar\/notiucse\/wp-json\/wp\/v2\/posts\/12377\/revisions\/12379"}],"wp:featuredmedia":[{"embeddable":true,"href":"https:\/\/www.ucse.edu.ar\/notiucse\/wp-json\/wp\/v2\/media\/12378"}],"wp:attachment":[{"href":"https:\/\/www.ucse.edu.ar\/notiucse\/wp-json\/wp\/v2\/media?parent=12377"}],"wp:term":[{"taxonomy":"category","embeddable":true,"href":"https:\/\/www.ucse.edu.ar\/notiucse\/wp-json\/wp\/v2\/categories?post=12377"},{"taxonomy":"post_tag","embeddable":true,"href":"https:\/\/www.ucse.edu.ar\/notiucse\/wp-json\/wp\/v2\/tags?post=12377"}],"curies":[{"name":"wp","href":"https:\/\/api.w.org\/{rel}","templated":true}]}}