{"id":12383,"date":"2025-10-23T16:21:49","date_gmt":"2025-10-23T19:21:49","guid":{"rendered":"https:\/\/www.ucse.edu.ar\/notiucse\/?p=12383"},"modified":"2025-10-23T16:21:51","modified_gmt":"2025-10-23T19:21:51","slug":"la-ucse-participo-en-el-conversatorio-conectando-ideas-turismo-deporte-cultura-eventos-y-desarrollo","status":"publish","type":"post","link":"https:\/\/www.ucse.edu.ar\/notiucse\/2025\/10\/23\/la-ucse-participo-en-el-conversatorio-conectando-ideas-turismo-deporte-cultura-eventos-y-desarrollo\/","title":{"rendered":"La UCSE particip\u00f3 en el conversatorio \u201cConectando ideas: turismo, deporte, cultura, eventos y desarrollo\u201d"},"content":{"rendered":"\n<p>El d\u00eda de ayer, la <strong>Universidad Cat\u00f3lica de Santiago del Estero <\/strong>particip\u00f3 del conversatorio <strong>\u201cConectando ideas: turismo, deporte, cultura, eventos y desarrollo\u201d<\/strong>, organizado por la <strong>C\u00e1mara de Turismo de Santiago del Estero<\/strong> en el <strong>Hotel NH<\/strong>.<\/p>\n\n\n\n<p>El encuentro reuni\u00f3 a referentes del \u00e1mbito acad\u00e9mico, gubernamental y del sector tur\u00edstico, con el objetivo de <strong>fortalecer la articulaci\u00f3n interinstitucional y promover estrategias integrales para el desarrollo del turismo sostenible<\/strong> en la provincia.<\/p>\n\n\n\n<p>Por parte de la UCSE participaron el <strong>Rector, Ing. Luis Eugenio Lucena<\/strong>, y los <strong>decanos<\/strong>: <strong>Abog. Esp. Gabriel \u00c1vila<\/strong> (Facultad de Ciencias Pol\u00edticas, Sociales y Jur\u00eddicas), <strong>Mg. Anal\u00eda Valentini<\/strong> (Facultad de Ciencias de la Salud), <strong>Cra. Angelina Campana<\/strong> (Facultad de Ciencias Econ\u00f3micas) y <strong>Arq. Jos\u00e9 Samez<\/strong> (Facultad de Ciencias para la Innovaci\u00f3n y el Desarrollo). Tambi\u00e9n estuvo presente la <strong>Lic. Patricia \u00c1lvarez<\/strong>, directora de la <strong>Licenciatura en Turismo<\/strong>.<\/p>\n\n\n\n<p>El conversatorio cont\u00f3 adem\u00e1s con la participaci\u00f3n de <strong>El\u00edas Su\u00e1rez<\/strong>, Jefe de Gabinete del Ministro de la Provincia; <strong>Jorge Mukdise<\/strong>, Intendente de Termas de R\u00edo Hondo; <strong>Norma Fuentes<\/strong>, Intendente de la Capital; <strong>Bernardo Abruzzese<\/strong>, Secretario de la Representaci\u00f3n Oficial de Santiago del Estero en Buenos Aires y Relaciones Internacionales; <strong>Carlos Dapello<\/strong>, Secretario de Deportes; y los subsecretarios <strong>Nelson Bravo<\/strong> (Turismo) y <strong>Juan Leguizam\u00f3n<\/strong> (Cultura).<\/p>\n","protected":false},"excerpt":{"rendered":"<p>Autoridades universitarias apuntaron al desarrollo sostenible del turismo en Santiago del Estero.<\/p>\n","protected":false},"author":2,"featured_media":12386,"comment_status":"closed","ping_status":"closed","sticky":false,"template":"","format":"standard","meta":{"_exactmetrics_skip_tracking":false,"_exactmetrics_sitenote_active":false,"_exactmetrics_sitenote_note":"","_exactmetrics_sitenote_category":0,"footnotes":""},"categories":[73,72],"tags":[39],"_links":{"self":[{"href":"https:\/\/www.ucse.edu.ar\/notiucse\/wp-json\/wp\/v2\/posts\/12383"}],"collection":[{"href":"https:\/\/www.ucse.edu.ar\/notiucse\/wp-json\/wp\/v2\/posts"}],"about":[{"href":"https:\/\/www.ucse.edu.ar\/notiucse\/wp-json\/wp\/v2\/types\/post"}],"author":[{"embeddable":true,"href":"https:\/\/www.ucse.edu.ar\/notiucse\/wp-json\/wp\/v2\/users\/2"}],"replies":[{"embeddable":true,"href":"https:\/\/www.ucse.edu.ar\/notiucse\/wp-json\/wp\/v2\/comments?post=12383"}],"version-history":[{"count":1,"href":"https:\/\/www.ucse.edu.ar\/notiucse\/wp-json\/wp\/v2\/posts\/12383\/revisions"}],"predecessor-version":[{"id":12385,"href":"https:\/\/www.ucse.edu.ar\/notiucse\/wp-json\/wp\/v2\/posts\/12383\/revisions\/12385"}],"wp:featuredmedia":[{"embeddable":true,"href":"https:\/\/www.ucse.edu.ar\/notiucse\/wp-json\/wp\/v2\/media\/12386"}],"wp:attachment":[{"href":"https:\/\/www.ucse.edu.ar\/notiucse\/wp-json\/wp\/v2\/media?parent=12383"}],"wp:term":[{"taxonomy":"category","embeddable":true,"href":"https:\/\/www.ucse.edu.ar\/notiucse\/wp-json\/wp\/v2\/categories?post=12383"},{"taxonomy":"post_tag","embeddable":true,"href":"https:\/\/www.ucse.edu.ar\/notiucse\/wp-json\/wp\/v2\/tags?post=12383"}],"curies":[{"name":"wp","href":"https:\/\/api.w.org\/{rel}","templated":true}]}}