{"id":12455,"date":"2025-11-19T09:43:30","date_gmt":"2025-11-19T12:43:30","guid":{"rendered":"https:\/\/www.ucse.edu.ar\/notiucse\/?p=12455"},"modified":"2025-11-19T09:43:31","modified_gmt":"2025-11-19T12:43:31","slug":"se-llevo-a-cabo-una-jornada-de-extension-y-vinculacion-en-villa-figueroa-enfocada-en-la-primera-infancia","status":"publish","type":"post","link":"https:\/\/www.ucse.edu.ar\/notiucse\/2025\/11\/19\/se-llevo-a-cabo-una-jornada-de-extension-y-vinculacion-en-villa-figueroa-enfocada-en-la-primera-infancia\/","title":{"rendered":"Se llev\u00f3 a cabo una jornada de Extensi\u00f3n y Vinculaci\u00f3n en Villa Figueroa enfocada en la primera infancia"},"content":{"rendered":"\n<p><strong>Facultad de Ciencias de la Salud<\/strong> particip\u00f3 en una actividad de <strong>Extensi\u00f3n y Vinculaci\u00f3n<\/strong> en el espacio de <strong>Primera Infancia Arco\u00edris<\/strong>, ubicado en Villa Figueroa. La jornada reuni\u00f3 a docentes, agentes de salud, referentes comunitarios, padres y ni\u00f1os de la zona y de localidades vecinas.<\/p>\n\n\n\n<p>La propuesta consisti\u00f3 en una <strong>capacitaci\u00f3n interdisciplinaria<\/strong> orientada a la prevenci\u00f3n y promoci\u00f3n de la salud en la primera infancia, abordando dos ejes centrales: <strong>Crecimiento y desarrollo normal del ni\u00f1o<\/strong> donde se analizaron los factores de alarma y los indicadores de alerta temprana para la detecci\u00f3n oportuna de dificultades. Y por otro lado, el d<strong>esarrollo emocional en la infancia<\/strong> donde se brind\u00f3 una mirada centrada en la crianza y la construcci\u00f3n del bienestar afectivo.<\/p>\n\n\n\n<p>Los talleres estuvieron a cargo de la <strong>Lic. Patricia Mart\u00ednez<\/strong> (Psicomotricista) y la <strong>Lic. Silvia Santill\u00e1n<\/strong> (Kinesi\u00f3loga y Prosecretaria de Extensi\u00f3n Universitaria). Acompa\u00f1aron la jornada la <strong>Lic. Judith Bittar<\/strong>, Directora de la carrera de Psicopedagog\u00eda, y la <strong>Lic. Silvana Araujo<\/strong>, docente de Psicopedagog\u00eda.<\/p>\n\n\n\n<p>Adem\u00e1s, participaron activamente los <strong>alumnos del voluntariado de la Facultad<\/strong>, quienes representaron a distintas carreras y colaboraron con el desarrollo de las actividades, favoreciendo el aprendizaje experiencial y el compromiso comunitario.<\/p>\n\n\n\n<p>La concurrida convocatoria permiti\u00f3 abrir un espacio de reflexi\u00f3n, consulta y participaci\u00f3n activa, reafirmando la importancia del <strong>trabajo articulado y en red<\/strong> entre instituciones educativas, organismos de salud y actores territoriales. Estas iniciativas tienen como prop\u00f3sito principal <strong>preservar y defender los derechos de ni\u00f1os y ni\u00f1as<\/strong>, fortaleciendo los entornos de acompa\u00f1amiento y cuidado en la primera infancia.<\/p>\n","protected":false},"excerpt":{"rendered":"<p>Docentes, profesionales de la salud, voluntarios universitarios y familias participaron de una capacitaci\u00f3n interdisciplinaria en el espacio de Primera Infancia Arco\u00edris.<\/p>\n","protected":false},"author":2,"featured_media":12456,"comment_status":"closed","ping_status":"closed","sticky":false,"template":"","format":"standard","meta":{"_exactmetrics_skip_tracking":false,"_exactmetrics_sitenote_active":false,"_exactmetrics_sitenote_note":"","_exactmetrics_sitenote_category":0,"footnotes":""},"categories":[9,72],"tags":[132],"_links":{"self":[{"href":"https:\/\/www.ucse.edu.ar\/notiucse\/wp-json\/wp\/v2\/posts\/12455"}],"collection":[{"href":"https:\/\/www.ucse.edu.ar\/notiucse\/wp-json\/wp\/v2\/posts"}],"about":[{"href":"https:\/\/www.ucse.edu.ar\/notiucse\/wp-json\/wp\/v2\/types\/post"}],"author":[{"embeddable":true,"href":"https:\/\/www.ucse.edu.ar\/notiucse\/wp-json\/wp\/v2\/users\/2"}],"replies":[{"embeddable":true,"href":"https:\/\/www.ucse.edu.ar\/notiucse\/wp-json\/wp\/v2\/comments?post=12455"}],"version-history":[{"count":1,"href":"https:\/\/www.ucse.edu.ar\/notiucse\/wp-json\/wp\/v2\/posts\/12455\/revisions"}],"predecessor-version":[{"id":12457,"href":"https:\/\/www.ucse.edu.ar\/notiucse\/wp-json\/wp\/v2\/posts\/12455\/revisions\/12457"}],"wp:featuredmedia":[{"embeddable":true,"href":"https:\/\/www.ucse.edu.ar\/notiucse\/wp-json\/wp\/v2\/media\/12456"}],"wp:attachment":[{"href":"https:\/\/www.ucse.edu.ar\/notiucse\/wp-json\/wp\/v2\/media?parent=12455"}],"wp:term":[{"taxonomy":"category","embeddable":true,"href":"https:\/\/www.ucse.edu.ar\/notiucse\/wp-json\/wp\/v2\/categories?post=12455"},{"taxonomy":"post_tag","embeddable":true,"href":"https:\/\/www.ucse.edu.ar\/notiucse\/wp-json\/wp\/v2\/tags?post=12455"}],"curies":[{"name":"wp","href":"https:\/\/api.w.org\/{rel}","templated":true}]}}