{"id":12462,"date":"2025-11-21T19:20:43","date_gmt":"2025-11-21T22:20:43","guid":{"rendered":"https:\/\/www.ucse.edu.ar\/notiucse\/?p=12462"},"modified":"2025-11-21T19:20:45","modified_gmt":"2025-11-21T22:20:45","slug":"navidad-para-todos-ucse-y-caritas-arquidiocesana-lanzan-una-campana-solidaria-para-ayudar-a-familias-vulnerables","status":"publish","type":"post","link":"https:\/\/www.ucse.edu.ar\/notiucse\/2025\/11\/21\/navidad-para-todos-ucse-y-caritas-arquidiocesana-lanzan-una-campana-solidaria-para-ayudar-a-familias-vulnerables\/","title":{"rendered":"&#8220;Navidad para Todos&#8221;: UCSE y C\u00e1ritas Arquidiocesana lanzan una campa\u00f1a solidaria para ayudar a familias vulnerables"},"content":{"rendered":"\n<p>Con el esp\u00edritu solidario que caracteriza a esta \u00e9poca del a\u00f1o, la Universidad Cat\u00f3lica de Santiago del Estero y C\u00e1ritas Arquidiocesana pusieron en marcha la campa\u00f1a \u201c<strong>Navidad para Todos<\/strong>\u201d, una iniciativa que busca acompa\u00f1ar a las familias m\u00e1s vulnerables de los <strong>barrios Bosco II y Bel\u00e9n<\/strong> mediante la recolecci\u00f3n de alimentos y productos t\u00edpicos de las fiestas.<\/p>\n\n\n\n<p>La propuesta invita a estudiantes, docentes, no docentes y a toda la comunidad universitaria a sumar su aporte para que m\u00e1s hogares puedan celebrar una Navidad con dignidad. Entre los art\u00edculos solicitados se incluyen <strong>fideos, pur\u00e9 de tomate, aceite, az\u00facar, arroz, harina, leche, pollo, verduras, conservas, productos navide\u00f1os como pan dulce o turrones, y chocolatadas<\/strong>, entre otros alimentos no perecederos.<\/p>\n\n\n\n<p>Las donaciones se recibir\u00e1n hasta el <strong>viernes 28 de noviembre<\/strong> en la <strong>Secretar\u00eda de Extensi\u00f3n y Unidades Acad\u00e9micas<\/strong>. Los horarios habilitados para entregar los productos son: <strong>lunes, mi\u00e9rcoles y viernes de 18 a 20; y martes y jueves de 9 a 13<\/strong>.<\/p>\n\n\n\n<p>Adem\u00e1s, quienes prefieran colaborar de manera virtual podr\u00e1n hacerlo mediante transferencia al alias <strong>dona.caritas.sgo.mp<\/strong>, enviando luego el comprobante al n\u00famero <strong>385-6982841<\/strong> o al correo <strong><a>liliana.abdala@ucse.edu.ar<\/a><\/strong>.<\/p>\n","protected":false},"excerpt":{"rendered":"<p>Convocan a la comunidad universitaria a colaborar con alimentos y productos navide\u00f1os destinados a familias de los barrios Bosco II y Bel\u00e9n. Las donaciones se recibir\u00e1n hasta el viernes 28 de noviembre.<\/p>\n","protected":false},"author":2,"featured_media":12463,"comment_status":"closed","ping_status":"closed","sticky":false,"template":"","format":"standard","meta":{"_exactmetrics_skip_tracking":false,"_exactmetrics_sitenote_active":false,"_exactmetrics_sitenote_note":"","_exactmetrics_sitenote_category":0,"footnotes":""},"categories":[73,72],"tags":[205,39],"_links":{"self":[{"href":"https:\/\/www.ucse.edu.ar\/notiucse\/wp-json\/wp\/v2\/posts\/12462"}],"collection":[{"href":"https:\/\/www.ucse.edu.ar\/notiucse\/wp-json\/wp\/v2\/posts"}],"about":[{"href":"https:\/\/www.ucse.edu.ar\/notiucse\/wp-json\/wp\/v2\/types\/post"}],"author":[{"embeddable":true,"href":"https:\/\/www.ucse.edu.ar\/notiucse\/wp-json\/wp\/v2\/users\/2"}],"replies":[{"embeddable":true,"href":"https:\/\/www.ucse.edu.ar\/notiucse\/wp-json\/wp\/v2\/comments?post=12462"}],"version-history":[{"count":1,"href":"https:\/\/www.ucse.edu.ar\/notiucse\/wp-json\/wp\/v2\/posts\/12462\/revisions"}],"predecessor-version":[{"id":12464,"href":"https:\/\/www.ucse.edu.ar\/notiucse\/wp-json\/wp\/v2\/posts\/12462\/revisions\/12464"}],"wp:featuredmedia":[{"embeddable":true,"href":"https:\/\/www.ucse.edu.ar\/notiucse\/wp-json\/wp\/v2\/media\/12463"}],"wp:attachment":[{"href":"https:\/\/www.ucse.edu.ar\/notiucse\/wp-json\/wp\/v2\/media?parent=12462"}],"wp:term":[{"taxonomy":"category","embeddable":true,"href":"https:\/\/www.ucse.edu.ar\/notiucse\/wp-json\/wp\/v2\/categories?post=12462"},{"taxonomy":"post_tag","embeddable":true,"href":"https:\/\/www.ucse.edu.ar\/notiucse\/wp-json\/wp\/v2\/tags?post=12462"}],"curies":[{"name":"wp","href":"https:\/\/api.w.org\/{rel}","templated":true}]}}