{"id":12466,"date":"2025-11-25T08:25:53","date_gmt":"2025-11-25T11:25:53","guid":{"rendered":"https:\/\/www.ucse.edu.ar\/notiucse\/?p=12466"},"modified":"2025-11-25T08:25:54","modified_gmt":"2025-11-25T11:25:54","slug":"el-coro-de-camara-de-la-ucse-celebra-su-45-aniversario-con-un-concierto-inolvidable-en-el-teatro-25-de-mayo","status":"publish","type":"post","link":"https:\/\/www.ucse.edu.ar\/notiucse\/2025\/11\/25\/el-coro-de-camara-de-la-ucse-celebra-su-45-aniversario-con-un-concierto-inolvidable-en-el-teatro-25-de-mayo\/","title":{"rendered":"El Coro de C\u00e1mara de la UCSE celebra su 45\u00b0 aniversario con un concierto inolvidable en el Teatro 25 de Mayo"},"content":{"rendered":"\n<p>El <strong>Coro de C\u00e1mara de la Universidad Cat\u00f3lica de Santiago del Estero <\/strong>celebrar\u00e1 este a\u00f1o su <strong>45\u00b0 aniversario<\/strong> con un gran <strong>Concierto de Fin de A\u00f1o<\/strong>, un encuentro art\u00edstico que busca emocionar, demostrar su trayectoria y transmitir un profundo compromiso con la comunidad y su cultura .<\/p>\n\n\n\n<p>El espect\u00e1culo se realizar\u00e1 el <strong>jueves 28 de noviembre a las 21:00<\/strong> en el <strong>Teatro 25 de Mayo<\/strong> y ofrecer\u00e1 un recorrido musical lleno de diversidad: obras sacras, populares, tributos a Queen y Les Luthiers, m\u00fasica de pel\u00edculas, canciones navide\u00f1as del mundo, ritmos latinos y un final sorpresa pensado para levantar al p\u00fablico de sus asientos.<\/p>\n\n\n\n<p>La presentaci\u00f3n contar\u00e1 adem\u00e1s con la participaci\u00f3n de m\u00fasicos invitados: <strong>Leonardo Guti\u00e9rrez<\/strong> (piano) y  <strong>Ariel Herrera<\/strong> (percusi\u00f3n), quienes acompa\u00f1ar\u00e1n al coro en este gran cierre anual.<\/p>\n\n\n\n<p>El grupo coral, dirigido por <strong>Mariano Valladares<\/strong> quien celebra 15 a\u00f1os al frente del conjunto, est\u00e1 integrado por j\u00f3venes y adultos que comparten la pasi\u00f3n por la m\u00fasica y el trabajo colectivo.<\/p>\n\n\n\n<p>En sinton\u00eda con su esp\u00edritu solidario, la entrada al concierto ser\u00e1 un <strong>paquete de pa\u00f1ales<\/strong> destinado al <strong>CePSI<\/strong>, invitando al p\u00fablico a disfrutar de un espect\u00e1culo de primer nivel mientras colabora con una causa esencial para la infancia santiague\u00f1a.<\/p>\n","protected":false},"excerpt":{"rendered":"<p>El evento reunir\u00e1 obras sacras, populares, m\u00fasica de pel\u00edculas, tributos y un final festivo. La entrada ser\u00e1 un paquete de pa\u00f1ales destinado al CePSI.<\/p>\n","protected":false},"author":2,"featured_media":12470,"comment_status":"closed","ping_status":"closed","sticky":false,"template":"","format":"standard","meta":{"_exactmetrics_skip_tracking":false,"_exactmetrics_sitenote_active":false,"_exactmetrics_sitenote_note":"","_exactmetrics_sitenote_category":0,"footnotes":""},"categories":[11,72],"tags":[190,122],"_links":{"self":[{"href":"https:\/\/www.ucse.edu.ar\/notiucse\/wp-json\/wp\/v2\/posts\/12466"}],"collection":[{"href":"https:\/\/www.ucse.edu.ar\/notiucse\/wp-json\/wp\/v2\/posts"}],"about":[{"href":"https:\/\/www.ucse.edu.ar\/notiucse\/wp-json\/wp\/v2\/types\/post"}],"author":[{"embeddable":true,"href":"https:\/\/www.ucse.edu.ar\/notiucse\/wp-json\/wp\/v2\/users\/2"}],"replies":[{"embeddable":true,"href":"https:\/\/www.ucse.edu.ar\/notiucse\/wp-json\/wp\/v2\/comments?post=12466"}],"version-history":[{"count":2,"href":"https:\/\/www.ucse.edu.ar\/notiucse\/wp-json\/wp\/v2\/posts\/12466\/revisions"}],"predecessor-version":[{"id":12469,"href":"https:\/\/www.ucse.edu.ar\/notiucse\/wp-json\/wp\/v2\/posts\/12466\/revisions\/12469"}],"wp:featuredmedia":[{"embeddable":true,"href":"https:\/\/www.ucse.edu.ar\/notiucse\/wp-json\/wp\/v2\/media\/12470"}],"wp:attachment":[{"href":"https:\/\/www.ucse.edu.ar\/notiucse\/wp-json\/wp\/v2\/media?parent=12466"}],"wp:term":[{"taxonomy":"category","embeddable":true,"href":"https:\/\/www.ucse.edu.ar\/notiucse\/wp-json\/wp\/v2\/categories?post=12466"},{"taxonomy":"post_tag","embeddable":true,"href":"https:\/\/www.ucse.edu.ar\/notiucse\/wp-json\/wp\/v2\/tags?post=12466"}],"curies":[{"name":"wp","href":"https:\/\/api.w.org\/{rel}","templated":true}]}}