{"id":12471,"date":"2025-11-25T09:29:31","date_gmt":"2025-11-25T12:29:31","guid":{"rendered":"https:\/\/www.ucse.edu.ar\/notiucse\/?p=12471"},"modified":"2025-11-25T09:29:33","modified_gmt":"2025-11-25T12:29:33","slug":"el-programa-aqui-estoy-realizo-talleres-para-adolescentes-en-suncho-corral-junto-a-la-ong-haciendo-camino","status":"publish","type":"post","link":"https:\/\/www.ucse.edu.ar\/notiucse\/2025\/11\/25\/el-programa-aqui-estoy-realizo-talleres-para-adolescentes-en-suncho-corral-junto-a-la-ong-haciendo-camino\/","title":{"rendered":"El programa &#8220;Aqu\u00ed Estoy&#8221; realiz\u00f3 talleres para adolescentes en Suncho Corral junto a la ONG Haciendo Camino"},"content":{"rendered":"\n<p>En respuesta a una demanda creciente, el <strong>Programa de Extensi\u00f3n, Vinculaci\u00f3n y Transferencia &#8220;Aqu\u00ed Estoy<\/strong>&#8220;, coordinado por la <strong>Lic. Alicia Arias Paz<\/strong> y perteneciente a la <strong>Licenciatura en Psicolog\u00eda<\/strong> de la <strong>Facultad de Ciencias de la Salud<\/strong>, desarroll\u00f3 durante los meses de <strong>septiembre y octubre<\/strong> una serie de <strong>talleres y encuentros<\/strong> en el <strong>Centro de Prevenci\u00f3n, Desnutrici\u00f3n Infantil y Promoci\u00f3n Humana<\/strong> de la ONG <strong>Haciendo Camino<\/strong>, ubicado en la localidad de <strong>Suncho Corral<\/strong>.<\/p>\n\n\n\n<p>Las actividades estuvieron dirigidas a <strong>adolescentes mujeres<\/strong> que asisten regularmente al espacio y se llevaron a cabo mediante un <strong>dispositivo participativo y reflexivo<\/strong>, orientado al manejo de <strong>habilidades emocionales, autocuidado y construcci\u00f3n de v\u00ednculos saludables<\/strong>.<\/p>\n\n\n\n<p>Los talleres propusieron espacios de di\u00e1logo, din\u00e1micas grupales y actividades vivenciales que permitieron abordar tem\u00e1ticas del desarrollo adolescente, promoviendo la expresi\u00f3n de emociones, la identificaci\u00f3n de recursos personales y la creaci\u00f3n de redes de apoyo.<\/p>\n\n\n\n<p>La jornada cont\u00f3 con la presencia de la <strong>Lic. Luc\u00eda Lucarelli<\/strong>, responsable del <strong>Proyecto Embarazadas<\/strong> y del <strong>Proyecto Adolescentes<\/strong>, quien acompa\u00f1\u00f3 y aport\u00f3 su experiencia en el trabajo comunitario con j\u00f3venes.<\/p>\n","protected":false},"excerpt":{"rendered":"<p>Durante septiembre y octubre, el Programa de Extensi\u00f3n, Vinculaci\u00f3n y Transferencia de Facultad de Ciencias de la Salud llev\u00f3 adelante una serie de talleres con adolescentes mujeres.<\/p>\n","protected":false},"author":2,"featured_media":12472,"comment_status":"closed","ping_status":"closed","sticky":false,"template":"","format":"standard","meta":{"_exactmetrics_skip_tracking":false,"_exactmetrics_sitenote_active":false,"_exactmetrics_sitenote_note":"","_exactmetrics_sitenote_category":0,"footnotes":""},"categories":[9,72],"tags":[132],"_links":{"self":[{"href":"https:\/\/www.ucse.edu.ar\/notiucse\/wp-json\/wp\/v2\/posts\/12471"}],"collection":[{"href":"https:\/\/www.ucse.edu.ar\/notiucse\/wp-json\/wp\/v2\/posts"}],"about":[{"href":"https:\/\/www.ucse.edu.ar\/notiucse\/wp-json\/wp\/v2\/types\/post"}],"author":[{"embeddable":true,"href":"https:\/\/www.ucse.edu.ar\/notiucse\/wp-json\/wp\/v2\/users\/2"}],"replies":[{"embeddable":true,"href":"https:\/\/www.ucse.edu.ar\/notiucse\/wp-json\/wp\/v2\/comments?post=12471"}],"version-history":[{"count":1,"href":"https:\/\/www.ucse.edu.ar\/notiucse\/wp-json\/wp\/v2\/posts\/12471\/revisions"}],"predecessor-version":[{"id":12473,"href":"https:\/\/www.ucse.edu.ar\/notiucse\/wp-json\/wp\/v2\/posts\/12471\/revisions\/12473"}],"wp:featuredmedia":[{"embeddable":true,"href":"https:\/\/www.ucse.edu.ar\/notiucse\/wp-json\/wp\/v2\/media\/12472"}],"wp:attachment":[{"href":"https:\/\/www.ucse.edu.ar\/notiucse\/wp-json\/wp\/v2\/media?parent=12471"}],"wp:term":[{"taxonomy":"category","embeddable":true,"href":"https:\/\/www.ucse.edu.ar\/notiucse\/wp-json\/wp\/v2\/categories?post=12471"},{"taxonomy":"post_tag","embeddable":true,"href":"https:\/\/www.ucse.edu.ar\/notiucse\/wp-json\/wp\/v2\/tags?post=12471"}],"curies":[{"name":"wp","href":"https:\/\/api.w.org\/{rel}","templated":true}]}}