{"id":12490,"date":"2025-12-02T10:51:07","date_gmt":"2025-12-02T13:51:07","guid":{"rendered":"https:\/\/www.ucse.edu.ar\/notiucse\/?p=12490"},"modified":"2025-12-02T10:51:09","modified_gmt":"2025-12-02T13:51:09","slug":"el-coro-de-camara-de-la-ucse-celebro-sus-45-anos-con-un-emotivo-concierto-de-fin-de-ano-en-el-teatro-25-de-mayo","status":"publish","type":"post","link":"https:\/\/www.ucse.edu.ar\/notiucse\/2025\/12\/02\/el-coro-de-camara-de-la-ucse-celebro-sus-45-anos-con-un-emotivo-concierto-de-fin-de-ano-en-el-teatro-25-de-mayo\/","title":{"rendered":"El Coro de C\u00e1mara de la UCSE celebr\u00f3 sus 45 a\u00f1os con un emotivo concierto de fin de a\u00f1o en el Teatro 25 de Mayo"},"content":{"rendered":"\n<p>El <strong>Coro de C\u00e1mara de la Universidad Cat\u00f3lica de Santiago del Estero <\/strong>llev\u00f3 a cabo su esperado <strong>Concierto de Fin de A\u00f1o<\/strong>, una presentaci\u00f3n especial que celebr\u00f3 sus <strong>45 a\u00f1os de trayectoria<\/strong> y que reuni\u00f3 a una numerosa audiencia en el <strong>Teatro 25 de Mayo<\/strong>.<\/p>\n\n\n\n<p>El espect\u00e1culo, realizado el <strong>28 de noviembre<\/strong>, propuso un viaje musical por diversos g\u00e9neros y estilos, interpretando obras sacras, piezas populares, tributos a Queen y Les Luthiers, m\u00fasica de pel\u00edculas, villancicos del mundo y ritmos latinos. El final, vibrante y festivo, coron\u00f3 una noche que despert\u00f3 ovaciones.<\/p>\n\n\n\n<p>La presentaci\u00f3n cont\u00f3 con la participaci\u00f3n de los m\u00fasicos invitados <strong>Leonardo Guti\u00e9rrez (piano)<\/strong> y <strong>Ariel Herrera (percusi\u00f3n)<\/strong>, quienes acompa\u00f1aron al coro.<\/p>\n\n\n\n<p>Dirigido por el profesor <strong>Mariano Valladares<\/strong>, quien cumpli\u00f3 este a\u00f1o <strong>15 a\u00f1os al frente del conjunto<\/strong>, el Coro de C\u00e1mara volvi\u00f3 a demostrar su profesionalismo, su calidad art\u00edstica y el compromiso de su labor dentro de la vida cultural de la UCSE. Como gesto solidario, la entrada al concierto consisti\u00f3 en la donaci\u00f3n de <strong>pa\u00f1ales para el CePSI<\/strong>.<\/p>\n","protected":false},"excerpt":{"rendered":"<p>A sala colmada, el coro repas\u00f3 obras sacras, populares, m\u00fasica de pel\u00edculas, tributos y cl\u00e1sicos navide\u00f1os.<\/p>\n","protected":false},"author":2,"featured_media":12491,"comment_status":"closed","ping_status":"closed","sticky":false,"template":"","format":"standard","meta":{"_exactmetrics_skip_tracking":false,"_exactmetrics_sitenote_active":false,"_exactmetrics_sitenote_note":"","_exactmetrics_sitenote_category":0,"footnotes":""},"categories":[11,72],"tags":[122],"_links":{"self":[{"href":"https:\/\/www.ucse.edu.ar\/notiucse\/wp-json\/wp\/v2\/posts\/12490"}],"collection":[{"href":"https:\/\/www.ucse.edu.ar\/notiucse\/wp-json\/wp\/v2\/posts"}],"about":[{"href":"https:\/\/www.ucse.edu.ar\/notiucse\/wp-json\/wp\/v2\/types\/post"}],"author":[{"embeddable":true,"href":"https:\/\/www.ucse.edu.ar\/notiucse\/wp-json\/wp\/v2\/users\/2"}],"replies":[{"embeddable":true,"href":"https:\/\/www.ucse.edu.ar\/notiucse\/wp-json\/wp\/v2\/comments?post=12490"}],"version-history":[{"count":1,"href":"https:\/\/www.ucse.edu.ar\/notiucse\/wp-json\/wp\/v2\/posts\/12490\/revisions"}],"predecessor-version":[{"id":12492,"href":"https:\/\/www.ucse.edu.ar\/notiucse\/wp-json\/wp\/v2\/posts\/12490\/revisions\/12492"}],"wp:featuredmedia":[{"embeddable":true,"href":"https:\/\/www.ucse.edu.ar\/notiucse\/wp-json\/wp\/v2\/media\/12491"}],"wp:attachment":[{"href":"https:\/\/www.ucse.edu.ar\/notiucse\/wp-json\/wp\/v2\/media?parent=12490"}],"wp:term":[{"taxonomy":"category","embeddable":true,"href":"https:\/\/www.ucse.edu.ar\/notiucse\/wp-json\/wp\/v2\/categories?post=12490"},{"taxonomy":"post_tag","embeddable":true,"href":"https:\/\/www.ucse.edu.ar\/notiucse\/wp-json\/wp\/v2\/tags?post=12490"}],"curies":[{"name":"wp","href":"https:\/\/api.w.org\/{rel}","templated":true}]}}