{"id":12493,"date":"2025-12-02T11:13:09","date_gmt":"2025-12-02T14:13:09","guid":{"rendered":"https:\/\/www.ucse.edu.ar\/notiucse\/?p=12493"},"modified":"2025-12-02T11:13:10","modified_gmt":"2025-12-02T14:13:10","slug":"entre-voces-historias-y-abrazos-radiales-asi-se-despidio-sintonizados-en-su-ultimo-programa-del-ano","status":"publish","type":"post","link":"https:\/\/www.ucse.edu.ar\/notiucse\/2025\/12\/02\/entre-voces-historias-y-abrazos-radiales-asi-se-despidio-sintonizados-en-su-ultimo-programa-del-ano\/","title":{"rendered":"Entre voces, historias y abrazos radiales: as\u00ed se despidi\u00f3 &#8220;Sintonizados&#8221; en su \u00faltimo programa del a\u00f1o"},"content":{"rendered":"\n<p>El programa <strong>\u201cSintonizados\u201d<\/strong>, producci\u00f3n del <strong>Centro de Desarrolllo y Producci\u00f3n Comunicaciona<\/strong>l <strong>(CPC)<\/strong>, despidi\u00f3 su <strong>ciclo 2025<\/strong> con una emisi\u00f3n especial al aire de <strong>Radio Estudio Uno 104.9<\/strong>, la radio universitaria, que tambi\u00e9n retransmite contenidos en la <strong>Sede Santa Mar\u00eda, Jujuy<\/strong>.<\/p>\n\n\n\n<p>En su mensaje de cierre, el equipo expres\u00f3 su balance del ciclo que incluy\u00f3 <strong>historias compartidas<\/strong>, <strong>entrevistas<\/strong>, estudiantes que encontraron en el programa un espacio para contar qui\u00e9nes son, qu\u00e9 hacen y qu\u00e9 sue\u00f1an; docentes y profesionales que aportaron conocimiento, sensibilidad y nuevos puntos de vista. Tambi\u00e9n hubo risas, preguntas, silencios necesarios, y aprendizajes que, como afirmaron<em>, \u201cno se ense\u00f1an en los libros, pero s\u00ed en la experiencia\u201d<\/em>.<\/p>\n\n\n\n<p>El equipo agradeci\u00f3 especialmente a <strong>cada invitado e invitada<\/strong>, a <strong>docentes<\/strong>, <strong>estudiantes<\/strong>, <strong>artistas<\/strong>, <strong>referentes sociales<\/strong> y a la audiencia que acompa\u00f1\u00f3 desde Santiago del Estero y desde la retransmisi\u00f3n en Jujuy. \u201c<em>Gracias por escucharnos, por acompa\u00f1arnos, por hacer que este programa no sea solamente radio, sino comunidad<\/em>\u201d, expresaron.<\/p>\n\n\n\n<p>En su despedida, aclararon que este cierre no significa adi\u00f3s, sino una pausa necesaria para recargar energ\u00edas, abrazar afectos, ordenar ideas y volver en <strong>2026<\/strong> con propuestas renovadas. \u201c<em>Que el pr\u00f3ximo a\u00f1o nos encuentre m\u00e1s conectados, m\u00e1s atentos, m\u00e1s presente y m\u00e1s sintonizados<\/em>\u201d<\/p>\n\n\n\n<p>El equipo, integrado por <strong>Iara Yocca, Maira Gramaglia Loto, Emmanuel Guerrero<\/strong> y quienes trabajan delante y detr\u00e1s del micr\u00f3fono esperan reencontrarse nuevamente al aire en la pr\u00f3xima edici\u00f3n 2026. <\/p>\n","protected":false},"excerpt":{"rendered":"<p>El programa institucional de la UCSE y del CPC finaliz\u00f3 otro a\u00f1o al aire por Radio Estudio Uno 104.9, con retransmisi\u00f3n en la Sede Santa Mar\u00eda (Jujuy).<\/p>\n","protected":false},"author":2,"featured_media":12494,"comment_status":"closed","ping_status":"closed","sticky":false,"template":"","format":"standard","meta":{"_exactmetrics_skip_tracking":false,"_exactmetrics_sitenote_active":false,"_exactmetrics_sitenote_note":"","_exactmetrics_sitenote_category":0,"footnotes":""},"categories":[11,72],"tags":[46,109],"_links":{"self":[{"href":"https:\/\/www.ucse.edu.ar\/notiucse\/wp-json\/wp\/v2\/posts\/12493"}],"collection":[{"href":"https:\/\/www.ucse.edu.ar\/notiucse\/wp-json\/wp\/v2\/posts"}],"about":[{"href":"https:\/\/www.ucse.edu.ar\/notiucse\/wp-json\/wp\/v2\/types\/post"}],"author":[{"embeddable":true,"href":"https:\/\/www.ucse.edu.ar\/notiucse\/wp-json\/wp\/v2\/users\/2"}],"replies":[{"embeddable":true,"href":"https:\/\/www.ucse.edu.ar\/notiucse\/wp-json\/wp\/v2\/comments?post=12493"}],"version-history":[{"count":1,"href":"https:\/\/www.ucse.edu.ar\/notiucse\/wp-json\/wp\/v2\/posts\/12493\/revisions"}],"predecessor-version":[{"id":12495,"href":"https:\/\/www.ucse.edu.ar\/notiucse\/wp-json\/wp\/v2\/posts\/12493\/revisions\/12495"}],"wp:featuredmedia":[{"embeddable":true,"href":"https:\/\/www.ucse.edu.ar\/notiucse\/wp-json\/wp\/v2\/media\/12494"}],"wp:attachment":[{"href":"https:\/\/www.ucse.edu.ar\/notiucse\/wp-json\/wp\/v2\/media?parent=12493"}],"wp:term":[{"taxonomy":"category","embeddable":true,"href":"https:\/\/www.ucse.edu.ar\/notiucse\/wp-json\/wp\/v2\/categories?post=12493"},{"taxonomy":"post_tag","embeddable":true,"href":"https:\/\/www.ucse.edu.ar\/notiucse\/wp-json\/wp\/v2\/tags?post=12493"}],"curies":[{"name":"wp","href":"https:\/\/api.w.org\/{rel}","templated":true}]}}