{"id":12501,"date":"2025-12-04T11:30:50","date_gmt":"2025-12-04T14:30:50","guid":{"rendered":"https:\/\/www.ucse.edu.ar\/notiucse\/?p=12501"},"modified":"2025-12-04T11:30:52","modified_gmt":"2025-12-04T14:30:52","slug":"ucse-acompana-la-participacion-de-la-realizadora-lorena-jozami-en-ventana-sur-2025","status":"publish","type":"post","link":"https:\/\/www.ucse.edu.ar\/notiucse\/2025\/12\/04\/ucse-acompana-la-participacion-de-la-realizadora-lorena-jozami-en-ventana-sur-2025\/","title":{"rendered":"UCSE acompa\u00f1a la participaci\u00f3n de la realizadora Lorena Jozami en Ventana Sur 2025"},"content":{"rendered":"\n<p>La <strong>Universidad Cat\u00f3lica de Santiago del Estero<\/strong> anunci\u00f3 su acompa\u00f1amiento institucional a la participaci\u00f3n de la realizadora y docente <strong>Lorena Jozami<\/strong> en <strong>Ventana Sur 2025<\/strong>, el mercado audiovisual m\u00e1s relevante de Am\u00e9rica Latina. El evento se llevar\u00e1 a cabo del <strong>1 al 5 de diciembre<\/strong> en el <strong>Palacio Libertad<\/strong>, en la Ciudad Aut\u00f3noma de Buenos Aires.<\/p>\n\n\n\n<p>Lorena asistir\u00e1 en representaci\u00f3n de la <strong>Red Argentina de Documentalistas (RAD)<\/strong>, con el apoyo de la UCSE. Su presencia en este espacio permitir\u00e1 <strong>ampliar redes profesionales<\/strong>, <strong>acercar nuevas oportunidades de formaci\u00f3n y producci\u00f3n<\/strong> a estudiantes y graduados, y <strong>fortalecer la visibilidad de los proyectos audiovisuales santiague\u00f1os<\/strong> en circuitos nacionales e internacionales.<\/p>\n\n\n\n<p><strong>Ventana Sur<\/strong>, organizado conjuntamente por el <strong>INCAA<\/strong> y el <strong>March\u00e9 du Film del Festival de Cannes<\/strong>, re\u00fane cada a\u00f1o a productores, distribuidores, programadores, plataformas globales y representantes de la industria audiovisual de todo el mundo. El encuentro ofrece <strong>rondas de negocios<\/strong>, <strong>presentaciones de proyectos<\/strong>, <strong>proyecciones<\/strong> y <strong>capacitaciones especializadas<\/strong>, convirti\u00e9ndose en un espacio para el desarrollo profesional y la internacionalizaci\u00f3n de contenidos.<\/p>\n","protected":false},"excerpt":{"rendered":"<p>La docente y realizadora audiovisual representar\u00e1 a la Red Argentina de Documentalistas en el mercado audiovisual m\u00e1s importante de Am\u00e9rica Latina.<\/p>\n","protected":false},"author":2,"featured_media":12502,"comment_status":"closed","ping_status":"closed","sticky":false,"template":"","format":"standard","meta":{"_exactmetrics_skip_tracking":false,"_exactmetrics_sitenote_active":false,"_exactmetrics_sitenote_note":"","_exactmetrics_sitenote_category":0,"footnotes":""},"categories":[73],"tags":[39],"_links":{"self":[{"href":"https:\/\/www.ucse.edu.ar\/notiucse\/wp-json\/wp\/v2\/posts\/12501"}],"collection":[{"href":"https:\/\/www.ucse.edu.ar\/notiucse\/wp-json\/wp\/v2\/posts"}],"about":[{"href":"https:\/\/www.ucse.edu.ar\/notiucse\/wp-json\/wp\/v2\/types\/post"}],"author":[{"embeddable":true,"href":"https:\/\/www.ucse.edu.ar\/notiucse\/wp-json\/wp\/v2\/users\/2"}],"replies":[{"embeddable":true,"href":"https:\/\/www.ucse.edu.ar\/notiucse\/wp-json\/wp\/v2\/comments?post=12501"}],"version-history":[{"count":1,"href":"https:\/\/www.ucse.edu.ar\/notiucse\/wp-json\/wp\/v2\/posts\/12501\/revisions"}],"predecessor-version":[{"id":12503,"href":"https:\/\/www.ucse.edu.ar\/notiucse\/wp-json\/wp\/v2\/posts\/12501\/revisions\/12503"}],"wp:featuredmedia":[{"embeddable":true,"href":"https:\/\/www.ucse.edu.ar\/notiucse\/wp-json\/wp\/v2\/media\/12502"}],"wp:attachment":[{"href":"https:\/\/www.ucse.edu.ar\/notiucse\/wp-json\/wp\/v2\/media?parent=12501"}],"wp:term":[{"taxonomy":"category","embeddable":true,"href":"https:\/\/www.ucse.edu.ar\/notiucse\/wp-json\/wp\/v2\/categories?post=12501"},{"taxonomy":"post_tag","embeddable":true,"href":"https:\/\/www.ucse.edu.ar\/notiucse\/wp-json\/wp\/v2\/tags?post=12501"}],"curies":[{"name":"wp","href":"https:\/\/api.w.org\/{rel}","templated":true}]}}