{"id":12518,"date":"2025-12-15T15:03:56","date_gmt":"2025-12-15T18:03:56","guid":{"rendered":"https:\/\/www.ucse.edu.ar\/notiucse\/?p=12518"},"modified":"2025-12-15T15:03:58","modified_gmt":"2025-12-15T18:03:58","slug":"daba-realizo-su-22o-acto-academico-de-colacion-de-grado-con-mas-de-cien-nuevos-profesionales","status":"publish","type":"post","link":"https:\/\/www.ucse.edu.ar\/notiucse\/2025\/12\/15\/daba-realizo-su-22o-acto-academico-de-colacion-de-grado-con-mas-de-cien-nuevos-profesionales\/","title":{"rendered":"DABA realiz\u00f3 su 22\u00ba Acto Acad\u00e9mico de Colaci\u00f3n de Grado con m\u00e1s de cien nuevos profesionales"},"content":{"rendered":"\n<p>El <strong>28 de noviembre de 2025<\/strong>, la Universidad Cat\u00f3lica de Santiago del Estero, Departamento Buenos Aires (UCSE DABA), llev\u00f3 a cabo su <strong>22.\u00ba Acto Acad\u00e9mico de Colaci\u00f3n de Grado<\/strong>, un encuentro que reuni\u00f3 a autoridades, docentes, estudiantes y familiares en una jornada cargada de orgullo y celebraci\u00f3n.<\/p>\n\n\n\n<p>El evento tuvo lugar en la sede institucional y oficializ\u00f3 la graduaci\u00f3n de <strong>104 nuevos profesionales<\/strong> de las carreras de Abogac\u00eda, Tecnicatura en Martillero P\u00fablico, Corredor y Administrador de Consorcios, CCC Licenciatura en Bibliotecolog\u00eda y de la Especializaci\u00f3n en Derecho.<\/p>\n\n\n\n<p>La ceremonia se desarroll\u00f3 siguiendo el protocolo acad\u00e9mico, que incluy\u00f3 el ingreso de autoridades e invitados especiales, el canto del Himno Nacional Argentino y una invocaci\u00f3n religiosa a cargo del <strong>presb\u00edtero Roberto Ferrari Luj\u00e1n<\/strong> y las palab ras del Rector de la UCSE, <strong>Ing. Luis Lucena<\/strong>.<\/p>\n\n\n\n<p>Luego de la toma de juramento, los graduados recibieron sus certificados y distinciones en un clima de emoci\u00f3n que se replic\u00f3 entre familiares y docentes, quienes acompa\u00f1aron el recorrido acad\u00e9mico de cada estudiante. El acto culmin\u00f3 con un mensaje final pronunciado por un egresado en representaci\u00f3n de la promoci\u00f3n, quien expres\u00f3 el agradecimiento colectivo y el significado del logro alcanzado.<\/p>\n\n\n\n<figure class=\"wp-block-video\"><video controls src=\"https:\/\/www.ucse.edu.ar\/notiucse\/wp-content\/uploads\/2025\/12\/Video-Colacion-DABA2025-1.mp4\"><\/video><\/figure>\n","protected":false},"excerpt":{"rendered":"<p>La ceremonia estuvo marcada por la emoci\u00f3n, el acompa\u00f1amiento institucional y el reconocimiento al esfuerzo acad\u00e9mico de m\u00e1s de un centenar de egresados.<\/p>\n","protected":false},"author":2,"featured_media":12529,"comment_status":"closed","ping_status":"closed","sticky":false,"template":"","format":"standard","meta":{"_exactmetrics_skip_tracking":false,"_exactmetrics_sitenote_active":false,"_exactmetrics_sitenote_note":"","_exactmetrics_sitenote_category":0,"footnotes":""},"categories":[21],"tags":[48],"_links":{"self":[{"href":"https:\/\/www.ucse.edu.ar\/notiucse\/wp-json\/wp\/v2\/posts\/12518"}],"collection":[{"href":"https:\/\/www.ucse.edu.ar\/notiucse\/wp-json\/wp\/v2\/posts"}],"about":[{"href":"https:\/\/www.ucse.edu.ar\/notiucse\/wp-json\/wp\/v2\/types\/post"}],"author":[{"embeddable":true,"href":"https:\/\/www.ucse.edu.ar\/notiucse\/wp-json\/wp\/v2\/users\/2"}],"replies":[{"embeddable":true,"href":"https:\/\/www.ucse.edu.ar\/notiucse\/wp-json\/wp\/v2\/comments?post=12518"}],"version-history":[{"count":3,"href":"https:\/\/www.ucse.edu.ar\/notiucse\/wp-json\/wp\/v2\/posts\/12518\/revisions"}],"predecessor-version":[{"id":12533,"href":"https:\/\/www.ucse.edu.ar\/notiucse\/wp-json\/wp\/v2\/posts\/12518\/revisions\/12533"}],"wp:featuredmedia":[{"embeddable":true,"href":"https:\/\/www.ucse.edu.ar\/notiucse\/wp-json\/wp\/v2\/media\/12529"}],"wp:attachment":[{"href":"https:\/\/www.ucse.edu.ar\/notiucse\/wp-json\/wp\/v2\/media?parent=12518"}],"wp:term":[{"taxonomy":"category","embeddable":true,"href":"https:\/\/www.ucse.edu.ar\/notiucse\/wp-json\/wp\/v2\/categories?post=12518"},{"taxonomy":"post_tag","embeddable":true,"href":"https:\/\/www.ucse.edu.ar\/notiucse\/wp-json\/wp\/v2\/tags?post=12518"}],"curies":[{"name":"wp","href":"https:\/\/api.w.org\/{rel}","templated":true}]}}