{"id":12548,"date":"2025-12-03T12:57:00","date_gmt":"2025-12-03T15:57:00","guid":{"rendered":"https:\/\/www.ucse.edu.ar\/notiucse\/?p=12548"},"modified":"2025-12-16T10:59:25","modified_gmt":"2025-12-16T13:59:25","slug":"ucse-firmo-un-protocolo-especifico-con-el-isspse-para-promover-la-capacitacion-profesional","status":"publish","type":"post","link":"https:\/\/www.ucse.edu.ar\/notiucse\/2025\/12\/03\/ucse-firmo-un-protocolo-especifico-con-el-isspse-para-promover-la-capacitacion-profesional\/","title":{"rendered":"UCSE firm\u00f3 un Protocolo Espec\u00edfico con el ISSPSE para promover la capacitaci\u00f3n profesional"},"content":{"rendered":"\n<p>En la ma\u00f1ana de hoy se llev\u00f3 a cabo la <strong>firma de un Protocolo Espec\u00edfico de cooperaci\u00f3n<\/strong> entre la <strong>Facultad de Ciencias Pol\u00edticas, Sociales y Jur\u00eddicas (FCPSyJ)<\/strong>, la <strong>Facultad de Ciencias Econ\u00f3micas (FCE)<\/strong> de la <strong>Universidad Cat\u00f3lica de Santiago del Estero (UCSE)<\/strong> y el <strong>Instituto de Seguridad Social para Profesionales de Santiago del Estero (ISSPSE)<\/strong>, con el prop\u00f3sito de impulsar actividades interinstitucionales de capacitaci\u00f3n y formaci\u00f3n profesional.<\/p>\n\n\n\n<p>El acto se desarroll\u00f3 en la <strong>Sala del Consejo Superior de la UCSE<\/strong> y cont\u00f3 con la presencia del <strong>Rector, Ing. Luis Lucena<\/strong>; la <strong>Decana de la Facultad de Ciencias Econ\u00f3micas, C.P.N. Angelina Campana<\/strong>; el <strong>Decano de la Facultad de Ciencias Pol\u00edticas, Sociales y Jur\u00eddicas, Prof. Gabriel \u00c1vila<\/strong>; el <strong>Presidente del ISSPSE, C.P.N. Guillermo Migueles<\/strong>; y la <strong>Secretaria de la instituci\u00f3n, Dra. \u00c1ngela Ruiz<\/strong>.<\/p>\n\n\n\n<p>Este Protocolo Espec\u00edfico se inscribe en el marco del <strong>Convenio Marco de Cooperaci\u00f3n Acad\u00e9mica, Cient\u00edfica y Tecnol\u00f3gica<\/strong> previamente suscripto entre la UCSE y el ISSPSE, y tiene como eje central la <strong>implementaci\u00f3n de la Diplomatura en Derecho Previsional<\/strong> (R.C.S. N.\u00ba 212\/2024), una propuesta acad\u00e9mica orientada a la actualizaci\u00f3n y especializaci\u00f3n en una tem\u00e1tica de creciente relevancia profesional.<\/p>\n\n\n\n<p>En este contexto, se destac\u00f3 que el <strong>ISSPSE ofrecer\u00e1 a sus afiliados una l\u00ednea de pr\u00e9stamos con tasa subsidiada<\/strong>, destinada a facilitar el acceso a la capacitaci\u00f3n para quienes decidan cursar la diplomatura, fortaleciendo as\u00ed las oportunidades de formaci\u00f3n continua.<\/p>\n","protected":false},"excerpt":{"rendered":"<p>La Facultad de Ciencias Pol\u00edticas, Sociales y Jur\u00eddicas y la Facultad de Ciencias Econ\u00f3micas de la UCSE suscribieron un Protocolo Espec\u00edfico con el Instituto de Seguridad Social para Profesionales de Santiago del Estero<\/p>\n","protected":false},"author":2,"featured_media":12549,"comment_status":"closed","ping_status":"closed","sticky":false,"template":"","format":"standard","meta":{"_exactmetrics_skip_tracking":false,"_exactmetrics_sitenote_active":false,"_exactmetrics_sitenote_note":"","_exactmetrics_sitenote_category":0,"footnotes":""},"categories":[8,5,72],"tags":[50,33],"_links":{"self":[{"href":"https:\/\/www.ucse.edu.ar\/notiucse\/wp-json\/wp\/v2\/posts\/12548"}],"collection":[{"href":"https:\/\/www.ucse.edu.ar\/notiucse\/wp-json\/wp\/v2\/posts"}],"about":[{"href":"https:\/\/www.ucse.edu.ar\/notiucse\/wp-json\/wp\/v2\/types\/post"}],"author":[{"embeddable":true,"href":"https:\/\/www.ucse.edu.ar\/notiucse\/wp-json\/wp\/v2\/users\/2"}],"replies":[{"embeddable":true,"href":"https:\/\/www.ucse.edu.ar\/notiucse\/wp-json\/wp\/v2\/comments?post=12548"}],"version-history":[{"count":1,"href":"https:\/\/www.ucse.edu.ar\/notiucse\/wp-json\/wp\/v2\/posts\/12548\/revisions"}],"predecessor-version":[{"id":12550,"href":"https:\/\/www.ucse.edu.ar\/notiucse\/wp-json\/wp\/v2\/posts\/12548\/revisions\/12550"}],"wp:featuredmedia":[{"embeddable":true,"href":"https:\/\/www.ucse.edu.ar\/notiucse\/wp-json\/wp\/v2\/media\/12549"}],"wp:attachment":[{"href":"https:\/\/www.ucse.edu.ar\/notiucse\/wp-json\/wp\/v2\/media?parent=12548"}],"wp:term":[{"taxonomy":"category","embeddable":true,"href":"https:\/\/www.ucse.edu.ar\/notiucse\/wp-json\/wp\/v2\/categories?post=12548"},{"taxonomy":"post_tag","embeddable":true,"href":"https:\/\/www.ucse.edu.ar\/notiucse\/wp-json\/wp\/v2\/tags?post=12548"}],"curies":[{"name":"wp","href":"https:\/\/api.w.org\/{rel}","templated":true}]}}