{"id":12560,"date":"2025-11-12T19:18:00","date_gmt":"2025-11-12T22:18:00","guid":{"rendered":"https:\/\/www.ucse.edu.ar\/notiucse\/?p=12560"},"modified":"2025-12-16T11:20:47","modified_gmt":"2025-12-16T14:20:47","slug":"la-ucse-acompana-el-proyecto-voz-saludable-para-el-cuidado-de-la-salud-vocal-en-el-ambito-educativo","status":"publish","type":"post","link":"https:\/\/www.ucse.edu.ar\/notiucse\/2025\/11\/12\/la-ucse-acompana-el-proyecto-voz-saludable-para-el-cuidado-de-la-salud-vocal-en-el-ambito-educativo\/","title":{"rendered":"La UCSE acompa\u00f1a el proyecto \u201cVoz Saludable\u201d para el cuidado de la salud vocal en el \u00e1mbito educativo"},"content":{"rendered":"\n<p>La <strong>Facultad de Ciencias de la Salud de la Universidad Cat\u00f3lica de Santiago del Estero <\/strong>acompa\u00f1a el desarrollo del proyecto <strong>\u201cVoz Saludable\u201d<\/strong>, una propuesta impulsada de manera conjunta con el <strong>Ministerio de Educaci\u00f3n, Ciencia y Tecnolog\u00eda<\/strong>, que tiene como objetivo promover el <strong>uso consciente, saludable y preventivo de la voz en el \u00e1mbito educativo<\/strong>.<\/p>\n\n\n\n<p>La iniciativa pone el foco en una de las principales herramientas de trabajo de los docentes: la voz. A trav\u00e9s de acciones de concientizaci\u00f3n y formaci\u00f3n, el proyecto busca contribuir al <strong>cuidado de la salud vocal<\/strong>, prevenir afecciones frecuentes y fortalecer el bienestar integral de quienes se desempe\u00f1an diariamente en las aulas.<\/p>\n\n\n\n<p>En representaci\u00f3n de la UCSE participaron del encuentro el <strong>Rector, Ing. Luis Lucena<\/strong>, y la <strong>Decana de la Facultad de Ciencias de la Salud, Mg. Anal\u00eda Valentini Cristina<\/strong>, quienes destacaron la importancia de articular esfuerzos entre el sistema educativo y la universidad para abordar problem\u00e1ticas vinculadas a la salud laboral docente.<\/p>\n","protected":false},"excerpt":{"rendered":"<p>Una iniciativa desarrollada junto al Ministerio de Educaci\u00f3n, Ciencia y Tecnolog\u00eda, orientada a la prevenci\u00f3n y el bienestar vocal de los docentes.<\/p>\n","protected":false},"author":2,"featured_media":12561,"comment_status":"closed","ping_status":"closed","sticky":false,"template":"","format":"standard","meta":{"_exactmetrics_skip_tracking":false,"_exactmetrics_sitenote_active":false,"_exactmetrics_sitenote_note":"","_exactmetrics_sitenote_category":0,"footnotes":""},"categories":[9,72],"tags":[132],"_links":{"self":[{"href":"https:\/\/www.ucse.edu.ar\/notiucse\/wp-json\/wp\/v2\/posts\/12560"}],"collection":[{"href":"https:\/\/www.ucse.edu.ar\/notiucse\/wp-json\/wp\/v2\/posts"}],"about":[{"href":"https:\/\/www.ucse.edu.ar\/notiucse\/wp-json\/wp\/v2\/types\/post"}],"author":[{"embeddable":true,"href":"https:\/\/www.ucse.edu.ar\/notiucse\/wp-json\/wp\/v2\/users\/2"}],"replies":[{"embeddable":true,"href":"https:\/\/www.ucse.edu.ar\/notiucse\/wp-json\/wp\/v2\/comments?post=12560"}],"version-history":[{"count":1,"href":"https:\/\/www.ucse.edu.ar\/notiucse\/wp-json\/wp\/v2\/posts\/12560\/revisions"}],"predecessor-version":[{"id":12562,"href":"https:\/\/www.ucse.edu.ar\/notiucse\/wp-json\/wp\/v2\/posts\/12560\/revisions\/12562"}],"wp:featuredmedia":[{"embeddable":true,"href":"https:\/\/www.ucse.edu.ar\/notiucse\/wp-json\/wp\/v2\/media\/12561"}],"wp:attachment":[{"href":"https:\/\/www.ucse.edu.ar\/notiucse\/wp-json\/wp\/v2\/media?parent=12560"}],"wp:term":[{"taxonomy":"category","embeddable":true,"href":"https:\/\/www.ucse.edu.ar\/notiucse\/wp-json\/wp\/v2\/categories?post=12560"},{"taxonomy":"post_tag","embeddable":true,"href":"https:\/\/www.ucse.edu.ar\/notiucse\/wp-json\/wp\/v2\/tags?post=12560"}],"curies":[{"name":"wp","href":"https:\/\/api.w.org\/{rel}","templated":true}]}}