{"id":12655,"date":"2026-02-11T10:11:07","date_gmt":"2026-02-11T13:11:07","guid":{"rendered":"https:\/\/www.ucse.edu.ar\/notiucse\/?p=12655"},"modified":"2026-02-11T10:11:07","modified_gmt":"2026-02-11T13:11:07","slug":"comenzo-el-curso-de-ingreso-2026-en-la-sede-rafaela","status":"publish","type":"post","link":"https:\/\/www.ucse.edu.ar\/notiucse\/2026\/02\/11\/comenzo-el-curso-de-ingreso-2026-en-la-sede-rafaela\/","title":{"rendered":"Comenz\u00f3 el Curso de Ingreso 2026 en la Sede Rafaela"},"content":{"rendered":"\n<p>En la tarde del lunes 9 se puso en marcha en la sede Rafaela de la Universidad Cat\u00f3lica de Santiago del Estero, la edici\u00f3n regular del Curso de Ingreso 2026, instancia inicial destinada a quienes inician sus estudios superiores en la instituci\u00f3n.<\/p>\n\n\n\n<p>El Curso de Ingreso, denominado \u201c<strong>Programa de Integraci\u00f3n a la Universidad<\/strong>\u201d, est\u00e1 dise\u00f1ado como un espacio formativo que acompa\u00f1a a los estudiantes en el proceso de <strong>elecci\u00f3n vocacional y en su incorporaci\u00f3n a la vida universitaria<\/strong>. La propuesta apunta a facilitar la adaptaci\u00f3n acad\u00e9mica, promoviendo el desarrollo del aprendizaje aut\u00f3nomo, la organizaci\u00f3n del tiempo y la adquisici\u00f3n de h\u00e1bitos de estudio, adem\u00e1s de ofrecer una primera aproximaci\u00f3n a la disciplina correspondiente a la carrera elegida.<\/p>\n\n\n\n<p>El programa se estructura en tres m\u00f3dulos que se cursan de manera presencial en el campus universitario, ubicado en <strong>Bv. Hip\u00f3lito Yrigoyen 1502<\/strong>, en horario vespertino, complementados con actividades y din\u00e1micas a trav\u00e9s de la plataforma virtual institucional. Tiene car\u00e1cter <strong>obligatorio, proped\u00e9utico y nivelatorio, sin instancia eliminatoria<\/strong>.<\/p>\n\n\n\n<p>Se encuentran exceptuados de realizarlo los egresados de universidades, institutos universitarios o de educaci\u00f3n superior no universitaria; los graduados de la Escuela de la Plaza (ACUCSE); y quienes acrediten dos o m\u00e1s materias aprobadas en carreras universitarias o de cuatro a\u00f1os o m\u00e1s en institutos de educaci\u00f3n superior.<\/p>\n\n\n\n<p>Los estudiantes que comenzaron esta edici\u00f3n regular se suman a quienes optaron por realizar el ingreso anticipado entre octubre y diciembre de 2025, en carreras como <strong>Ingenier\u00eda en Inform\u00e1tica, Contador P\u00fablico, Abogac\u00eda y las licenciaturas en Psicolog\u00eda, Psicopedagog\u00eda, Administraci\u00f3n, Turismo y Dise\u00f1o de la Comunicaci\u00f3n Visual<\/strong>.<\/p>\n","protected":false},"excerpt":{"rendered":"<p>Con una nueva edici\u00f3n del Programa de Integraci\u00f3n a la Universidad, la instituci\u00f3n dio inicio al ciclo regular, convocando a los aspirantes que comienzan su camino acad\u00e9mico.<\/p>\n","protected":false},"author":2,"featured_media":12656,"comment_status":"closed","ping_status":"closed","sticky":false,"template":"","format":"standard","meta":{"_exactmetrics_skip_tracking":false,"_exactmetrics_sitenote_active":false,"_exactmetrics_sitenote_note":"","_exactmetrics_sitenote_category":0,"footnotes":""},"categories":[20],"tags":[199,213,119],"_links":{"self":[{"href":"https:\/\/www.ucse.edu.ar\/notiucse\/wp-json\/wp\/v2\/posts\/12655"}],"collection":[{"href":"https:\/\/www.ucse.edu.ar\/notiucse\/wp-json\/wp\/v2\/posts"}],"about":[{"href":"https:\/\/www.ucse.edu.ar\/notiucse\/wp-json\/wp\/v2\/types\/post"}],"author":[{"embeddable":true,"href":"https:\/\/www.ucse.edu.ar\/notiucse\/wp-json\/wp\/v2\/users\/2"}],"replies":[{"embeddable":true,"href":"https:\/\/www.ucse.edu.ar\/notiucse\/wp-json\/wp\/v2\/comments?post=12655"}],"version-history":[{"count":1,"href":"https:\/\/www.ucse.edu.ar\/notiucse\/wp-json\/wp\/v2\/posts\/12655\/revisions"}],"predecessor-version":[{"id":12657,"href":"https:\/\/www.ucse.edu.ar\/notiucse\/wp-json\/wp\/v2\/posts\/12655\/revisions\/12657"}],"wp:featuredmedia":[{"embeddable":true,"href":"https:\/\/www.ucse.edu.ar\/notiucse\/wp-json\/wp\/v2\/media\/12656"}],"wp:attachment":[{"href":"https:\/\/www.ucse.edu.ar\/notiucse\/wp-json\/wp\/v2\/media?parent=12655"}],"wp:term":[{"taxonomy":"category","embeddable":true,"href":"https:\/\/www.ucse.edu.ar\/notiucse\/wp-json\/wp\/v2\/categories?post=12655"},{"taxonomy":"post_tag","embeddable":true,"href":"https:\/\/www.ucse.edu.ar\/notiucse\/wp-json\/wp\/v2\/tags?post=12655"}],"curies":[{"name":"wp","href":"https:\/\/api.w.org\/{rel}","templated":true}]}}