{"id":12665,"date":"2026-02-20T11:48:20","date_gmt":"2026-02-20T14:48:20","guid":{"rendered":"https:\/\/www.ucse.edu.ar\/notiucse\/?p=12665"},"modified":"2026-02-20T11:48:43","modified_gmt":"2026-02-20T14:48:43","slug":"coro-ucse-convocan-a-audiciones-para-cubrir-cargos-en-las-cuerdas-de-tenor-y-bajo","status":"publish","type":"post","link":"https:\/\/www.ucse.edu.ar\/notiucse\/2026\/02\/20\/coro-ucse-convocan-a-audiciones-para-cubrir-cargos-en-las-cuerdas-de-tenor-y-bajo\/","title":{"rendered":"CORO UCSE: Convocan a audiciones para cubrir cargos en las cuerdas de tenor y bajo"},"content":{"rendered":"\n<p>Se encuentra abierta la convocatoria a <strong>audiciones para cubrir cargos en las cuerdas de tenor y bajo<\/strong>, destinada a interesados en integrar el ensamble coral. La selecci\u00f3n se desarrollar\u00e1 entre el <strong>23 y el 27 de febrero<\/strong> en las instalaciones del <strong>Colegio Hermano Hermas de Bruijn<\/strong>.<\/p>\n\n\n\n<p>Las audiciones se llevar\u00e1n a cabo en distintos horarios: los d\u00edas <strong>lunes, mi\u00e9rcoles y viernes a las 19 horas<\/strong>, y <strong>martes y jueves a las 18 horas<\/strong>, permitiendo as\u00ed mayor disponibilidad para los postulantes.<\/p>\n\n\n\n<p>Si bien se valorar\u00e1 contar con experiencia coral previa, este requisito no es excluyente, por lo que la convocatoria se mantiene abierta a quienes deseen sumarse y demostrar sus aptitudes vocales en el proceso de evaluaci\u00f3n. <\/p>\n","protected":false},"excerpt":{"rendered":"<p>La convocatoria est\u00e1 dirigida a cantantes con experiencia coral previa -no excluyente- y se realizar\u00e1 del 23 al 27 de febrero en el Colegio Hermano Hermas de Bruijn.<\/p>\n","protected":false},"author":2,"featured_media":12666,"comment_status":"closed","ping_status":"closed","sticky":false,"template":"","format":"standard","meta":{"_exactmetrics_skip_tracking":false,"_exactmetrics_sitenote_active":false,"_exactmetrics_sitenote_note":"","_exactmetrics_sitenote_category":0,"footnotes":""},"categories":[11],"tags":[191,122],"_links":{"self":[{"href":"https:\/\/www.ucse.edu.ar\/notiucse\/wp-json\/wp\/v2\/posts\/12665"}],"collection":[{"href":"https:\/\/www.ucse.edu.ar\/notiucse\/wp-json\/wp\/v2\/posts"}],"about":[{"href":"https:\/\/www.ucse.edu.ar\/notiucse\/wp-json\/wp\/v2\/types\/post"}],"author":[{"embeddable":true,"href":"https:\/\/www.ucse.edu.ar\/notiucse\/wp-json\/wp\/v2\/users\/2"}],"replies":[{"embeddable":true,"href":"https:\/\/www.ucse.edu.ar\/notiucse\/wp-json\/wp\/v2\/comments?post=12665"}],"version-history":[{"count":1,"href":"https:\/\/www.ucse.edu.ar\/notiucse\/wp-json\/wp\/v2\/posts\/12665\/revisions"}],"predecessor-version":[{"id":12667,"href":"https:\/\/www.ucse.edu.ar\/notiucse\/wp-json\/wp\/v2\/posts\/12665\/revisions\/12667"}],"wp:featuredmedia":[{"embeddable":true,"href":"https:\/\/www.ucse.edu.ar\/notiucse\/wp-json\/wp\/v2\/media\/12666"}],"wp:attachment":[{"href":"https:\/\/www.ucse.edu.ar\/notiucse\/wp-json\/wp\/v2\/media?parent=12665"}],"wp:term":[{"taxonomy":"category","embeddable":true,"href":"https:\/\/www.ucse.edu.ar\/notiucse\/wp-json\/wp\/v2\/categories?post=12665"},{"taxonomy":"post_tag","embeddable":true,"href":"https:\/\/www.ucse.edu.ar\/notiucse\/wp-json\/wp\/v2\/tags?post=12665"}],"curies":[{"name":"wp","href":"https:\/\/api.w.org\/{rel}","templated":true}]}}