{"id":12696,"date":"2026-03-05T13:22:32","date_gmt":"2026-03-05T16:22:32","guid":{"rendered":"https:\/\/www.ucse.edu.ar\/notiucse\/?p=12696"},"modified":"2026-03-05T13:22:33","modified_gmt":"2026-03-05T16:22:33","slug":"santiago-del-estero-sera-sede-del-1-o-congreso-nacional-de-juntas-provinciales-de-historia","status":"publish","type":"post","link":"https:\/\/www.ucse.edu.ar\/notiucse\/2026\/03\/05\/santiago-del-estero-sera-sede-del-1-o-congreso-nacional-de-juntas-provinciales-de-historia\/","title":{"rendered":"Santiago del Estero ser\u00e1 sede del 1.\u00ba Congreso Nacional de Juntas Provinciales de Historia"},"content":{"rendered":"\n<p>Santiago del Estero ser\u00e1 escenario del <strong>1.\u00ba Congreso Nacional de Juntas Provinciales de Historia<\/strong>, un evento acad\u00e9mico que se desarrollar\u00e1 los d\u00edas <strong>8, 9 y 10 de octubre de 2026<\/strong> en el <strong>campus de la Universidad Cat\u00f3lica de Santiago del Estero<\/strong>.<\/p>\n\n\n\n<p>El congreso es organizado por la <strong>Junta de Estudios Hist\u00f3ricos de Santiago del Estero<\/strong>, en conjunto con la <strong>Facultad de Ciencias Pol\u00edticas, Sociales y Jur\u00eddicas de la UCSE<\/strong>, bajo el lema <strong>\u201cHistoria de las provincias argentinas\u201d<\/strong>. La iniciativa cuenta adem\u00e1s con el auspicio de la <strong>Academia Nacional de la Historia<\/strong>.<\/p>\n\n\n\n<p>El objetivo del encuentro es promover el intercambio acad\u00e9mico y la reflexi\u00f3n en torno a las trayectorias hist\u00f3ricas, pol\u00edticas, sociales y culturales de las distintas provincias del pa\u00eds. En ese marco, se busca fortalecer el di\u00e1logo entre investigadores, docentes y estudiantes de diversas instituciones, especialmente entre quienes integran juntas provinciales dedicadas al estudio de la historia regional.<\/p>\n\n\n\n<p>Durante las jornadas se presentar\u00e1n ponencias y trabajos de investigaci\u00f3n organizados en diferentes ejes tem\u00e1ticos. Los res\u00famenes y las ponencias ser\u00e1n evaluados por los coordinadores de cada eje, quienes determinar\u00e1n su aceptaci\u00f3n dentro del programa acad\u00e9mico del congreso.<\/p>\n\n\n\n<p>Desde la organizaci\u00f3n informaron que <strong>las inscripciones ya se encuentran abiertas<\/strong> y que los interesados en participar o realizar consultas pueden comunicarse a trav\u00e9s del correo electr\u00f3nico <strong><a>congresohistoriadelasprovincias@gmail.com<\/a><\/strong>.<\/p>\n","protected":false},"excerpt":{"rendered":"<p>El encuentro acad\u00e9mico se realizar\u00e1 del 8 al 10 de octubre en el campus de la UCSE y reunir\u00e1 a investigadores, docentes y estudiantes de todo el pa\u00eds para reflexionar sobre las trayectorias hist\u00f3ricas de las provincias argentinas.<\/p>\n","protected":false},"author":2,"featured_media":12697,"comment_status":"closed","ping_status":"closed","sticky":false,"template":"","format":"standard","meta":{"_exactmetrics_skip_tracking":false,"_exactmetrics_sitenote_active":false,"_exactmetrics_sitenote_note":"","_exactmetrics_sitenote_category":0,"footnotes":""},"categories":[5,72],"tags":[65],"_links":{"self":[{"href":"https:\/\/www.ucse.edu.ar\/notiucse\/wp-json\/wp\/v2\/posts\/12696"}],"collection":[{"href":"https:\/\/www.ucse.edu.ar\/notiucse\/wp-json\/wp\/v2\/posts"}],"about":[{"href":"https:\/\/www.ucse.edu.ar\/notiucse\/wp-json\/wp\/v2\/types\/post"}],"author":[{"embeddable":true,"href":"https:\/\/www.ucse.edu.ar\/notiucse\/wp-json\/wp\/v2\/users\/2"}],"replies":[{"embeddable":true,"href":"https:\/\/www.ucse.edu.ar\/notiucse\/wp-json\/wp\/v2\/comments?post=12696"}],"version-history":[{"count":1,"href":"https:\/\/www.ucse.edu.ar\/notiucse\/wp-json\/wp\/v2\/posts\/12696\/revisions"}],"predecessor-version":[{"id":12698,"href":"https:\/\/www.ucse.edu.ar\/notiucse\/wp-json\/wp\/v2\/posts\/12696\/revisions\/12698"}],"wp:featuredmedia":[{"embeddable":true,"href":"https:\/\/www.ucse.edu.ar\/notiucse\/wp-json\/wp\/v2\/media\/12697"}],"wp:attachment":[{"href":"https:\/\/www.ucse.edu.ar\/notiucse\/wp-json\/wp\/v2\/media?parent=12696"}],"wp:term":[{"taxonomy":"category","embeddable":true,"href":"https:\/\/www.ucse.edu.ar\/notiucse\/wp-json\/wp\/v2\/categories?post=12696"},{"taxonomy":"post_tag","embeddable":true,"href":"https:\/\/www.ucse.edu.ar\/notiucse\/wp-json\/wp\/v2\/tags?post=12696"}],"curies":[{"name":"wp","href":"https:\/\/api.w.org\/{rel}","templated":true}]}}