{"id":12699,"date":"2026-03-05T15:20:16","date_gmt":"2026-03-05T18:20:16","guid":{"rendered":"https:\/\/www.ucse.edu.ar\/notiucse\/?p=12699"},"modified":"2026-03-05T15:20:18","modified_gmt":"2026-03-05T18:20:18","slug":"emprendedores-locales-se-reunieron-para-organizar-la-feria-artesanal-y-de-productos-de-huerta-ucse-2026","status":"publish","type":"post","link":"https:\/\/www.ucse.edu.ar\/notiucse\/2026\/03\/05\/emprendedores-locales-se-reunieron-para-organizar-la-feria-artesanal-y-de-productos-de-huerta-ucse-2026\/","title":{"rendered":"Emprendedores locales se reunieron para organizar la Feria Artesanal y de Productos de Huerta UCSE 2026"},"content":{"rendered":"\n<p>El pasado <strong>mi\u00e9rcoles 4 de marzo<\/strong>, emprendedores y productores locales participaron de una reuni\u00f3n organizativa destinada a avanzar en los preparativos de la <strong>Feria Artesanal y de Productos de Huerta UCSE 2026<\/strong>, una iniciativa que impulsa el trabajo de emprendedores regionales y afianza el v\u00ednculo entre la universidad y la comunidad.<\/p>\n\n\n\n<p>La propuesta es impulsada por la <strong>Prosecretar\u00eda de Extensi\u00f3n de la Facultad de Ciencias de la Salud<\/strong> y busca generar un espacio de encuentro entre la comunidad educativa, artesanos y productores locales, fomentando la producci\u00f3n y la difusi\u00f3n de emprendimientos vinculados a la econom\u00eda social.<\/p>\n\n\n\n<p>Durante el encuentro se abordaron diversos aspectos vinculados a la organizaci\u00f3n de la feria, entre ellos la <strong>apertura de inscripciones, el cronograma de capacitaciones anuales y la modalidad virtual del espacio<\/strong>, con el objetivo de ampliar las oportunidades de participaci\u00f3n y formaci\u00f3n para los emprendedores.<\/p>\n\n\n\n<p>La reuni\u00f3n estuvo coordinada por los responsables del proyecto, <strong>Lic. Alejandra C\u00e1ceres y Lic. Maximiliano Olivera<\/strong>, y cont\u00f3 con la presencia de la <strong>decana de la Facultad de Ciencias de la Salud, Lic. Analia Valentini<\/strong>, y del <strong>vicedecano, Lic. Mario Diosquez<\/strong>.<\/p>\n","protected":false},"excerpt":{"rendered":"<p>Productores y emprendedores de la regi\u00f3n participaron de un encuentro preparatorio para coordinar la pr\u00f3xima edici\u00f3n de la feria impulsada por la Facultad de Ciencias de la Salud.<\/p>\n","protected":false},"author":2,"featured_media":12700,"comment_status":"closed","ping_status":"closed","sticky":false,"template":"","format":"standard","meta":{"_exactmetrics_skip_tracking":false,"_exactmetrics_sitenote_active":false,"_exactmetrics_sitenote_note":"","_exactmetrics_sitenote_category":0,"footnotes":""},"categories":[9,72],"tags":[132,111],"_links":{"self":[{"href":"https:\/\/www.ucse.edu.ar\/notiucse\/wp-json\/wp\/v2\/posts\/12699"}],"collection":[{"href":"https:\/\/www.ucse.edu.ar\/notiucse\/wp-json\/wp\/v2\/posts"}],"about":[{"href":"https:\/\/www.ucse.edu.ar\/notiucse\/wp-json\/wp\/v2\/types\/post"}],"author":[{"embeddable":true,"href":"https:\/\/www.ucse.edu.ar\/notiucse\/wp-json\/wp\/v2\/users\/2"}],"replies":[{"embeddable":true,"href":"https:\/\/www.ucse.edu.ar\/notiucse\/wp-json\/wp\/v2\/comments?post=12699"}],"version-history":[{"count":1,"href":"https:\/\/www.ucse.edu.ar\/notiucse\/wp-json\/wp\/v2\/posts\/12699\/revisions"}],"predecessor-version":[{"id":12701,"href":"https:\/\/www.ucse.edu.ar\/notiucse\/wp-json\/wp\/v2\/posts\/12699\/revisions\/12701"}],"wp:featuredmedia":[{"embeddable":true,"href":"https:\/\/www.ucse.edu.ar\/notiucse\/wp-json\/wp\/v2\/media\/12700"}],"wp:attachment":[{"href":"https:\/\/www.ucse.edu.ar\/notiucse\/wp-json\/wp\/v2\/media?parent=12699"}],"wp:term":[{"taxonomy":"category","embeddable":true,"href":"https:\/\/www.ucse.edu.ar\/notiucse\/wp-json\/wp\/v2\/categories?post=12699"},{"taxonomy":"post_tag","embeddable":true,"href":"https:\/\/www.ucse.edu.ar\/notiucse\/wp-json\/wp\/v2\/tags?post=12699"}],"curies":[{"name":"wp","href":"https:\/\/api.w.org\/{rel}","templated":true}]}}