{"id":12751,"date":"2026-03-30T17:35:34","date_gmt":"2026-03-30T20:35:34","guid":{"rendered":"https:\/\/www.ucse.edu.ar\/notiucse\/?p=12751"},"modified":"2026-03-30T17:35:52","modified_gmt":"2026-03-30T20:35:52","slug":"ucse-celebro-la-misa-de-inicio-de-clases-con-la-participacion-de-su-comunidad-universitaria","status":"publish","type":"post","link":"https:\/\/www.ucse.edu.ar\/notiucse\/2026\/03\/30\/ucse-celebro-la-misa-de-inicio-de-clases-con-la-participacion-de-su-comunidad-universitaria\/","title":{"rendered":"UCSE celebr\u00f3 la misa de inicio de clases con la participaci\u00f3n de su comunidad universitaria"},"content":{"rendered":"\n<p>El pasado <strong>viernes 27 de marzo<\/strong>, la Universidad Cat\u00f3lica de Santiago del Estero llev\u00f3 a cabo la <strong>misa de inicio de clases<\/strong>, una celebraci\u00f3n que di\u00f3 comienzo del nuevo a\u00f1o acad\u00e9mico en un clima de encuentro, reflexi\u00f3n y acompa\u00f1amiento espiritual.<\/p>\n\n\n\n<p>La ceremonia se desarroll\u00f3 en la <strong>Capilla Nuestra Se\u00f1ora de la Misericordia<\/strong>, ubicada en el campus universitario, y estuvo presidida por el <strong>Arzobispo Vicente Bokalic<\/strong>, junto al <strong>Hno. Cristian Viscardi<\/strong> y al <strong>Padre Luis Cruz<\/strong>.<\/p>\n\n\n\n<p>De la celebraci\u00f3n participaron <strong>autoridades, alumnos y personal de la universidad<\/strong>, quienes compartieron este momento de oraci\u00f3n y bendici\u00f3n especial en el inicio de una nueva etapa acad\u00e9mica.<\/p>\n\n\n\n<p>La misa form\u00f3 parte de las actividades institucionales de apertura del ciclo lectivo y ofreci\u00f3 un espacio para renovar el sentido de comunidad, el compromiso con la formaci\u00f3n y la misi\u00f3n educativa. <\/p>\n","protected":false},"excerpt":{"rendered":"<p>La ceremonia religiosa se realiz\u00f3 el viernes 27 de marzo en la Capilla Nuestra Se\u00f1ora de la Misericordia y reuni\u00f3 a autoridades, estudiantes y personal de la universidad en el comienzo de un nuevo ciclo acad\u00e9mico.<\/p>\n","protected":false},"author":2,"featured_media":12752,"comment_status":"closed","ping_status":"closed","sticky":false,"template":"","format":"standard","meta":{"_exactmetrics_skip_tracking":false,"_exactmetrics_sitenote_active":false,"_exactmetrics_sitenote_note":"","_exactmetrics_sitenote_category":0,"footnotes":""},"categories":[73,72],"tags":[141,60],"_links":{"self":[{"href":"https:\/\/www.ucse.edu.ar\/notiucse\/wp-json\/wp\/v2\/posts\/12751"}],"collection":[{"href":"https:\/\/www.ucse.edu.ar\/notiucse\/wp-json\/wp\/v2\/posts"}],"about":[{"href":"https:\/\/www.ucse.edu.ar\/notiucse\/wp-json\/wp\/v2\/types\/post"}],"author":[{"embeddable":true,"href":"https:\/\/www.ucse.edu.ar\/notiucse\/wp-json\/wp\/v2\/users\/2"}],"replies":[{"embeddable":true,"href":"https:\/\/www.ucse.edu.ar\/notiucse\/wp-json\/wp\/v2\/comments?post=12751"}],"version-history":[{"count":1,"href":"https:\/\/www.ucse.edu.ar\/notiucse\/wp-json\/wp\/v2\/posts\/12751\/revisions"}],"predecessor-version":[{"id":12753,"href":"https:\/\/www.ucse.edu.ar\/notiucse\/wp-json\/wp\/v2\/posts\/12751\/revisions\/12753"}],"wp:featuredmedia":[{"embeddable":true,"href":"https:\/\/www.ucse.edu.ar\/notiucse\/wp-json\/wp\/v2\/media\/12752"}],"wp:attachment":[{"href":"https:\/\/www.ucse.edu.ar\/notiucse\/wp-json\/wp\/v2\/media?parent=12751"}],"wp:term":[{"taxonomy":"category","embeddable":true,"href":"https:\/\/www.ucse.edu.ar\/notiucse\/wp-json\/wp\/v2\/categories?post=12751"},{"taxonomy":"post_tag","embeddable":true,"href":"https:\/\/www.ucse.edu.ar\/notiucse\/wp-json\/wp\/v2\/tags?post=12751"}],"curies":[{"name":"wp","href":"https:\/\/api.w.org\/{rel}","templated":true}]}}