{"id":12765,"date":"2026-04-01T08:47:51","date_gmt":"2026-04-01T11:47:51","guid":{"rendered":"https:\/\/www.ucse.edu.ar\/notiucse\/?p=12765"},"modified":"2026-04-01T08:47:53","modified_gmt":"2026-04-01T11:47:53","slug":"ucse-jujuy-inicio-su-ciclo-academico-2026-con-entrega-de-premios-a-estudiantes","status":"publish","type":"post","link":"https:\/\/www.ucse.edu.ar\/notiucse\/2026\/04\/01\/ucse-jujuy-inicio-su-ciclo-academico-2026-con-entrega-de-premios-a-estudiantes\/","title":{"rendered":"Ucse Jujuy inici\u00f3 su ciclo acad\u00e9mico 2026 con entrega de premios a estudiantes"},"content":{"rendered":"\n<p>La <strong>sede Jujuy de la Universidad Cat\u00f3lica de Santiago del Estero <\/strong>dio inicio al <strong>ciclo lectivo 2026<\/strong> con un acto realizado en el sal\u00f3n <strong>\u201cDelly Brunelli de Antor\u00e1z\u201d<\/strong>, donde se puso en valor el esfuerzo de estudiantes que se destacaron por su desempe\u00f1o acad\u00e9mico en el nivel secundario y optaron por continuar su formaci\u00f3n en la instituci\u00f3n.<\/p>\n\n\n\n<p>La ceremonia estuvo presidida por el <strong>decano Marcelo Brunet<\/strong>, la <strong>vicedecana Marta Najarro<\/strong> y <strong>Monse\u00f1or C\u00e9sar Daniel Fern\u00e1ndez<\/strong>, y cont\u00f3 con la participaci\u00f3n de docentes, directores de carrera, personal administrativo, estudiantes y familiares, en un marco de acompa\u00f1amiento y celebraci\u00f3n.<\/p>\n\n\n\n<p>En esta oportunidad, se concret\u00f3 la entrega de los <strong>\u201cPremios UCSE\u201d<\/strong>, que consisten en <strong>becas del 100% de cobertura de aranceles<\/strong> para ingresantes al <strong>Departamento Acad\u00e9mico San Salvador<\/strong>. La distinci\u00f3n reconoci\u00f3 a quienes alcanzaron los mejores promedios en sus trayectorias escolares y decidieron iniciar sus estudios universitarios en la UCSE. <\/p>\n\n\n\n<p>Durante su mensaje, el decano Marcelo Brunet subray\u00f3 el sentido de la formaci\u00f3n universitaria y remarc\u00f3 la importancia de una educaci\u00f3n que trascienda lo estrictamente t\u00e9cnico. \u201c<em>Al emprender esta etapa, es fundamental recordar que la educaci\u00f3n nos invita a mirar cada vez m\u00e1s alto. Este crecimiento no debe ser solo t\u00e9cnico, sino tambi\u00e9n humano, promoviendo una formaci\u00f3n que integre conocimiento y valores<\/em>\u201d, expres\u00f3.<\/p>\n\n\n\n<p>Con este acto de apertura, la UCSE Jujuy dio inicio formal a un nuevo a\u00f1o acad\u00e9mico y contin\u00faa desarrollando sus actividades con normalidad en sus sedes de <strong>Bustamante esquina Belgrano<\/strong> y <strong>Lavalle 333<\/strong>.<\/p>\n","protected":false},"excerpt":{"rendered":"<p>La sede juje\u00f1a inici\u00f3 el nuevo a\u00f1o acad\u00e9mico con un acto institucional en el que distingui\u00f3 a ingresantes con los mejores promedios del nivel secundario.<\/p>\n","protected":false},"author":2,"featured_media":12766,"comment_status":"closed","ping_status":"closed","sticky":false,"template":"","format":"standard","meta":{"_exactmetrics_skip_tracking":false,"_exactmetrics_sitenote_active":false,"_exactmetrics_sitenote_note":"","_exactmetrics_sitenote_category":0,"footnotes":""},"categories":[19],"tags":[30],"_links":{"self":[{"href":"https:\/\/www.ucse.edu.ar\/notiucse\/wp-json\/wp\/v2\/posts\/12765"}],"collection":[{"href":"https:\/\/www.ucse.edu.ar\/notiucse\/wp-json\/wp\/v2\/posts"}],"about":[{"href":"https:\/\/www.ucse.edu.ar\/notiucse\/wp-json\/wp\/v2\/types\/post"}],"author":[{"embeddable":true,"href":"https:\/\/www.ucse.edu.ar\/notiucse\/wp-json\/wp\/v2\/users\/2"}],"replies":[{"embeddable":true,"href":"https:\/\/www.ucse.edu.ar\/notiucse\/wp-json\/wp\/v2\/comments?post=12765"}],"version-history":[{"count":1,"href":"https:\/\/www.ucse.edu.ar\/notiucse\/wp-json\/wp\/v2\/posts\/12765\/revisions"}],"predecessor-version":[{"id":12767,"href":"https:\/\/www.ucse.edu.ar\/notiucse\/wp-json\/wp\/v2\/posts\/12765\/revisions\/12767"}],"wp:featuredmedia":[{"embeddable":true,"href":"https:\/\/www.ucse.edu.ar\/notiucse\/wp-json\/wp\/v2\/media\/12766"}],"wp:attachment":[{"href":"https:\/\/www.ucse.edu.ar\/notiucse\/wp-json\/wp\/v2\/media?parent=12765"}],"wp:term":[{"taxonomy":"category","embeddable":true,"href":"https:\/\/www.ucse.edu.ar\/notiucse\/wp-json\/wp\/v2\/categories?post=12765"},{"taxonomy":"post_tag","embeddable":true,"href":"https:\/\/www.ucse.edu.ar\/notiucse\/wp-json\/wp\/v2\/tags?post=12765"}],"curies":[{"name":"wp","href":"https:\/\/api.w.org\/{rel}","templated":true}]}}