{"id":12785,"date":"2026-04-01T11:41:44","date_gmt":"2026-04-01T14:41:44","guid":{"rendered":"https:\/\/www.ucse.edu.ar\/notiucse\/?p=12785"},"modified":"2026-04-01T11:41:45","modified_gmt":"2026-04-01T14:41:45","slug":"la-ucse-saluda-a-monsenor-vicente-bokalic-en-el-48-aniversario-de-su-ordenacion-sacerdotal","status":"publish","type":"post","link":"https:\/\/www.ucse.edu.ar\/notiucse\/2026\/04\/01\/la-ucse-saluda-a-monsenor-vicente-bokalic-en-el-48-aniversario-de-su-ordenacion-sacerdotal\/","title":{"rendered":"La UCSE saluda a Monse\u00f1or Vicente Bokalic en el 48\u00b0 aniversario de su ordenaci\u00f3n sacerdotal"},"content":{"rendered":"\n<p>En el marco del <strong>48\u00b0 aniversario de su ordenaci\u00f3n sacerdotal<\/strong>, la <strong>Universidad Cat\u00f3lica de Santiago del Estero<\/strong> hace llegar su m\u00e1s profundo y fraterno saludo a <strong>Monse\u00f1or Vicente Bokalic<\/strong>, Arzobispo de la Arquidi\u00f3cesis de Santiago del Estero y Gran Canciller de esta casa de estudios.<\/p>\n\n\n\n<p>A lo largo de estas casi cinco d\u00e9cadas de ministerio, Monse\u00f1or Bokalic ha desarrollado una labor pastoral sostenida, caracterizada por su vocaci\u00f3n de servicio, su cercan\u00eda con las comunidades y su compromiso con la misi\u00f3n evangelizadora. Su testimonio ha sido gu\u00eda y referencia para generaciones de fieles, as\u00ed como un signo de una Iglesia presente y comprometida con la realidad social.<\/p>\n\n\n\n<p>Desde la UCSE valoramos especialmente su acompa\u00f1amiento permanente a la vida universitaria, alentando una formaci\u00f3n que integra conocimiento y valores, en di\u00e1logo constante entre la fe y la cultura. Su presencia y compromiso han contribuido a reforzar el sentido de comunidad y la misi\u00f3n educativa de la instituci\u00f3n.<\/p>\n","protected":false},"excerpt":{"rendered":"<p>Nuestra universidad expresa gratitud al Arzobispo de Santiago del Estero y Gran Canciller de la UCSE, reconociendo su trayectoria pastoral, su cercan\u00eda con la comunidad y su permanente acompa\u00f1amiento a la vida institucional.<\/p>\n","protected":false},"author":2,"featured_media":12788,"comment_status":"closed","ping_status":"closed","sticky":false,"template":"","format":"standard","meta":{"_exactmetrics_skip_tracking":false,"_exactmetrics_sitenote_active":false,"_exactmetrics_sitenote_note":"","_exactmetrics_sitenote_category":0,"footnotes":""},"categories":[73],"tags":[],"_links":{"self":[{"href":"https:\/\/www.ucse.edu.ar\/notiucse\/wp-json\/wp\/v2\/posts\/12785"}],"collection":[{"href":"https:\/\/www.ucse.edu.ar\/notiucse\/wp-json\/wp\/v2\/posts"}],"about":[{"href":"https:\/\/www.ucse.edu.ar\/notiucse\/wp-json\/wp\/v2\/types\/post"}],"author":[{"embeddable":true,"href":"https:\/\/www.ucse.edu.ar\/notiucse\/wp-json\/wp\/v2\/users\/2"}],"replies":[{"embeddable":true,"href":"https:\/\/www.ucse.edu.ar\/notiucse\/wp-json\/wp\/v2\/comments?post=12785"}],"version-history":[{"count":1,"href":"https:\/\/www.ucse.edu.ar\/notiucse\/wp-json\/wp\/v2\/posts\/12785\/revisions"}],"predecessor-version":[{"id":12789,"href":"https:\/\/www.ucse.edu.ar\/notiucse\/wp-json\/wp\/v2\/posts\/12785\/revisions\/12789"}],"wp:featuredmedia":[{"embeddable":true,"href":"https:\/\/www.ucse.edu.ar\/notiucse\/wp-json\/wp\/v2\/media\/12788"}],"wp:attachment":[{"href":"https:\/\/www.ucse.edu.ar\/notiucse\/wp-json\/wp\/v2\/media?parent=12785"}],"wp:term":[{"taxonomy":"category","embeddable":true,"href":"https:\/\/www.ucse.edu.ar\/notiucse\/wp-json\/wp\/v2\/categories?post=12785"},{"taxonomy":"post_tag","embeddable":true,"href":"https:\/\/www.ucse.edu.ar\/notiucse\/wp-json\/wp\/v2\/tags?post=12785"}],"curies":[{"name":"wp","href":"https:\/\/api.w.org\/{rel}","templated":true}]}}