{"id":12936,"date":"2026-04-28T08:59:58","date_gmt":"2026-04-28T11:59:58","guid":{"rendered":"https:\/\/www.ucse.edu.ar\/notiucse\/?p=12936"},"modified":"2026-04-28T09:00:00","modified_gmt":"2026-04-28T12:00:00","slug":"referentes-de-la-fcid-participaron-en-instancias-de-consulta-de-coneau-por-la-acreditacion-de-carreras","status":"publish","type":"post","link":"https:\/\/www.ucse.edu.ar\/notiucse\/2026\/04\/28\/referentes-de-la-fcid-participaron-en-instancias-de-consulta-de-coneau-por-la-acreditacion-de-carreras\/","title":{"rendered":"Referentes de la FCID participaron en instancias de consulta de CONEAU por la acreditaci\u00f3n de carreras"},"content":{"rendered":"\n<p>Referentes de la Facultad de Ciencias para la Innovaci\u00f3n y el Desarrollo participaron los d\u00edas 15 y 22 de abril en talleres y reuniones de consulta organizados por las comisiones de Arquitectura e Ingenier\u00eda en Inform\u00e1tica de la Comisi\u00f3n Nacional de Evaluaci\u00f3n y Acreditaci\u00f3n Universitaria (CONEAU).<\/p>\n\n\n\n<p>La participaci\u00f3n se enmarca en el proceso de evaluaci\u00f3n y acreditaci\u00f3n de ambas carreras, una instancia clave dentro del sistema universitario argentino que implica la revisi\u00f3n de est\u00e1ndares acad\u00e9micos, institucionales y de gesti\u00f3n.<\/p>\n\n\n\n<p>En representaci\u00f3n de la FCID asistieron el decano Arq. Jos\u00e9 Samez, junto a Ing. Beatriz Fern\u00e1ndez Reuter, Lic. Mar\u00eda Jos\u00e9 Rondano y Arq. Gabriel Gonz\u00e1lez Orisber, quienes integraron los espacios de trabajo junto a representantes de distintas universidades del pa\u00eds.<\/p>\n\n\n\n<p>Durante los encuentros se abordaron los principales aspectos vinculados a los procedimientos de acreditaci\u00f3n de carreras de grado, incluyendo las resoluciones ministeriales de est\u00e1ndares, la carga de informaci\u00f3n en el sistema CONEAU Global y los criterios a considerar en la presentaci\u00f3n institucional.<\/p>\n\n\n\n<p>Las instancias de consulta permitieron analizar en detalle los requerimientos t\u00e9cnicos y acad\u00e9micos del proceso, as\u00ed como intercambiar experiencias y criterios con otras instituciones, en un contexto de actualizaci\u00f3n permanente de los mecanismos de evaluaci\u00f3n.<\/p>\n","protected":false},"excerpt":{"rendered":"<p>Autoridades y docentes de la UCSE formaron parte de talleres y reuniones de consulta vinculados al proceso nacional de evaluaci\u00f3n de carreras de grado.<\/p>\n","protected":false},"author":2,"featured_media":12937,"comment_status":"closed","ping_status":"closed","sticky":false,"template":"","format":"standard","meta":{"_exactmetrics_skip_tracking":false,"_exactmetrics_sitenote_active":false,"_exactmetrics_sitenote_note":"","_exactmetrics_sitenote_category":0,"footnotes":""},"categories":[10,72],"tags":[155],"_links":{"self":[{"href":"https:\/\/www.ucse.edu.ar\/notiucse\/wp-json\/wp\/v2\/posts\/12936"}],"collection":[{"href":"https:\/\/www.ucse.edu.ar\/notiucse\/wp-json\/wp\/v2\/posts"}],"about":[{"href":"https:\/\/www.ucse.edu.ar\/notiucse\/wp-json\/wp\/v2\/types\/post"}],"author":[{"embeddable":true,"href":"https:\/\/www.ucse.edu.ar\/notiucse\/wp-json\/wp\/v2\/users\/2"}],"replies":[{"embeddable":true,"href":"https:\/\/www.ucse.edu.ar\/notiucse\/wp-json\/wp\/v2\/comments?post=12936"}],"version-history":[{"count":1,"href":"https:\/\/www.ucse.edu.ar\/notiucse\/wp-json\/wp\/v2\/posts\/12936\/revisions"}],"predecessor-version":[{"id":12938,"href":"https:\/\/www.ucse.edu.ar\/notiucse\/wp-json\/wp\/v2\/posts\/12936\/revisions\/12938"}],"wp:featuredmedia":[{"embeddable":true,"href":"https:\/\/www.ucse.edu.ar\/notiucse\/wp-json\/wp\/v2\/media\/12937"}],"wp:attachment":[{"href":"https:\/\/www.ucse.edu.ar\/notiucse\/wp-json\/wp\/v2\/media?parent=12936"}],"wp:term":[{"taxonomy":"category","embeddable":true,"href":"https:\/\/www.ucse.edu.ar\/notiucse\/wp-json\/wp\/v2\/categories?post=12936"},{"taxonomy":"post_tag","embeddable":true,"href":"https:\/\/www.ucse.edu.ar\/notiucse\/wp-json\/wp\/v2\/tags?post=12936"}],"curies":[{"name":"wp","href":"https:\/\/api.w.org\/{rel}","templated":true}]}}