{"id":12939,"date":"2026-04-28T09:25:28","date_gmt":"2026-04-28T12:25:28","guid":{"rendered":"https:\/\/www.ucse.edu.ar\/notiucse\/?p=12939"},"modified":"2026-04-28T09:25:29","modified_gmt":"2026-04-28T12:25:29","slug":"acuerdo-entre-ucse-y-cup-establece-nuevas-condiciones-para-continuar-estudios-en-comunicacion","status":"publish","type":"post","link":"https:\/\/www.ucse.edu.ar\/notiucse\/2026\/04\/28\/acuerdo-entre-ucse-y-cup-establece-nuevas-condiciones-para-continuar-estudios-en-comunicacion\/","title":{"rendered":"Acuerdo entre UCSE y CUP establece nuevas condiciones para continuar estudios en Comunicaci\u00f3n"},"content":{"rendered":"\n<p>La Universidad Cat\u00f3lica de Santiago del Estero y el Colegio Universitario Polit\u00e9cnico (CUP) formalizaron la firma de un nuevo protocolo de colaboraci\u00f3n acad\u00e9mica que articula ambas instituciones en el campo de la Comunicaci\u00f3n Social.<\/p>\n\n\n\n<p>El acuerdo, identificado como <strong>Protocolo 8<\/strong>, se enmarca en la implementaci\u00f3n del <strong>Plan de Estudios 2025<\/strong> de la Licenciatura en Comunicaci\u00f3n Social, que reemplaza al Plan 2000 luego de 25 a\u00f1os de vigencia. La nueva estructura acad\u00e9mica incorpora orientaciones actualizadas y t\u00edtulos intermedios vinculados al <strong>dise\u00f1o multimedial, community management y periodismo con tecnolog\u00edas de la comunicaci\u00f3n<\/strong>.<\/p>\n\n\n\n<p>El protocolo establece los t\u00e9rminos para que los egresados de la carrera de <strong>T\u00e9cnico Superior en Periodismo del CUP<\/strong> puedan continuar su formaci\u00f3n en la UCSE. El documento define <strong>equivalencias de materias, r\u00e9gimen de correlatividades y las obligaciones curriculares<\/strong> que deber\u00e1n cumplir los estudiantes para acceder al t\u00edtulo de grado.<\/p>\n\n\n\n<p>La firma del nuevo acuerdo da continuidad a un v\u00ednculo institucional iniciado en <strong>1995<\/strong>, y actualiza el esquema de articulaci\u00f3n vigente desde el <strong>Protocolo 6, firmado en 2013<\/strong>, adecu\u00e1ndolo a los cambios introducidos por la nueva propuesta acad\u00e9mica.<\/p>\n\n\n\n<p>El acto cont\u00f3 con la participaci\u00f3n, por parte de la UCSE, del rector <strong>Ing. Luis Eugenio Lucena<\/strong>, el vicerrector acad\u00e9mico <strong>Lic. V\u00edctor Manuel Feij\u00f3o<\/strong>, el decano de la Facultad de Ciencias para la Innovaci\u00f3n y el Desarrollo <strong>Arq. Jos\u00e9 Samez<\/strong>, la secretaria acad\u00e9mica <strong>Lic. Valeria Sosa<\/strong> y la directora de la carrera de Comunicaci\u00f3n Social <strong>Lic. Jesica Escalada<\/strong>.<\/p>\n\n\n\n<p>En representaci\u00f3n del CUP estuvieron presentes su director <strong>Mgter. Jos\u00e9 Miguel P\u00e9rez Gaudio<\/strong> y la vicedirectora <strong>Lic. Mar\u00eda Florencia Haddad<\/strong>.<\/p>\n","protected":false},"excerpt":{"rendered":"<p>La firma del Protocolo 8 establece un nuevo esquema de articulaci\u00f3n para que egresados del CUP puedan completar la Licenciatura en Comunicaci\u00f3n Social en la UCSE bajo el Plan de Estudios 2025.<\/p>\n","protected":false},"author":2,"featured_media":12941,"comment_status":"closed","ping_status":"closed","sticky":false,"template":"","format":"standard","meta":{"_exactmetrics_skip_tracking":false,"_exactmetrics_sitenote_active":false,"_exactmetrics_sitenote_note":"","_exactmetrics_sitenote_category":0,"footnotes":""},"categories":[10,72],"tags":[169,155],"_links":{"self":[{"href":"https:\/\/www.ucse.edu.ar\/notiucse\/wp-json\/wp\/v2\/posts\/12939"}],"collection":[{"href":"https:\/\/www.ucse.edu.ar\/notiucse\/wp-json\/wp\/v2\/posts"}],"about":[{"href":"https:\/\/www.ucse.edu.ar\/notiucse\/wp-json\/wp\/v2\/types\/post"}],"author":[{"embeddable":true,"href":"https:\/\/www.ucse.edu.ar\/notiucse\/wp-json\/wp\/v2\/users\/2"}],"replies":[{"embeddable":true,"href":"https:\/\/www.ucse.edu.ar\/notiucse\/wp-json\/wp\/v2\/comments?post=12939"}],"version-history":[{"count":1,"href":"https:\/\/www.ucse.edu.ar\/notiucse\/wp-json\/wp\/v2\/posts\/12939\/revisions"}],"predecessor-version":[{"id":12942,"href":"https:\/\/www.ucse.edu.ar\/notiucse\/wp-json\/wp\/v2\/posts\/12939\/revisions\/12942"}],"wp:featuredmedia":[{"embeddable":true,"href":"https:\/\/www.ucse.edu.ar\/notiucse\/wp-json\/wp\/v2\/media\/12941"}],"wp:attachment":[{"href":"https:\/\/www.ucse.edu.ar\/notiucse\/wp-json\/wp\/v2\/media?parent=12939"}],"wp:term":[{"taxonomy":"category","embeddable":true,"href":"https:\/\/www.ucse.edu.ar\/notiucse\/wp-json\/wp\/v2\/categories?post=12939"},{"taxonomy":"post_tag","embeddable":true,"href":"https:\/\/www.ucse.edu.ar\/notiucse\/wp-json\/wp\/v2\/tags?post=12939"}],"curies":[{"name":"wp","href":"https:\/\/api.w.org\/{rel}","templated":true}]}}