{"id":12951,"date":"2026-04-29T09:46:41","date_gmt":"2026-04-29T12:46:41","guid":{"rendered":"https:\/\/www.ucse.edu.ar\/notiucse\/?p=12951"},"modified":"2026-04-29T09:46:42","modified_gmt":"2026-04-29T12:46:42","slug":"la-fcpsyj-y-el-instituto-de-biomedicina-proyectan-nuevas-propuestas-interdisciplinarias","status":"publish","type":"post","link":"https:\/\/www.ucse.edu.ar\/notiucse\/2026\/04\/29\/la-fcpsyj-y-el-instituto-de-biomedicina-proyectan-nuevas-propuestas-interdisciplinarias\/","title":{"rendered":"La FCPSyJ y el Instituto de Biomedicina proyectan nuevas propuestas interdisciplinarias"},"content":{"rendered":"\n<p>El pasado viernes se llev\u00f3 a cabo una reuni\u00f3n entre autoridades de la <strong>Facultad de Ciencias Pol\u00edticas, Sociales y Jur\u00eddicas<\/strong> y del <strong>Instituto de Biomedicina de la UCSE<\/strong>, con el objetivo de articular acciones acad\u00e9micas que incorporen abordajes interdisciplinarios a las carreras de grado y a futuras propuestas de posgrado.<\/p>\n\n\n\n<p>Por la Unidad Acad\u00e9mica participaron su decano, <strong>Abog. Gabriel \u00c1vila<\/strong>, y la directora de la carrera de Abogac\u00eda, <strong>Abog. Marcela Landriel Prieto<\/strong>. En representaci\u00f3n del Instituto de Biomedicina estuvieron presentes los <strong>Dres. Claudia Lucena y Marcelo Ovejero<\/strong>.<\/p>\n\n\n\n<p>Durante el encuentro se trabaj\u00f3 sobre l\u00edneas de acci\u00f3n orientadas a vincular el conocimiento jur\u00eddico con herramientas provenientes del campo biom\u00e9dico, especialmente en temas que hoy resultan relevantes para la pr\u00e1ctica profesional del derecho.<\/p>\n\n\n\n<p>Entre las propuestas acordadas se encuentra la creaci\u00f3n de una <strong>C\u00e1tedra Abierta sobre el ADN y su interpretaci\u00f3n en el \u00e1mbito jur\u00eddico<\/strong>, as\u00ed como el dise\u00f1o de un <strong>Curso de Posgrado sobre filiaci\u00f3n y la relevancia jur\u00eddica de la prueba pericial<\/strong>, para el cual se prev\u00e9 convocar a docentes argentinos y extranjeros.<\/p>\n\n\n\n<p>Ambas iniciativas buscan ampliar los espacios de formaci\u00f3n y debate en torno a problem\u00e1ticas actuales que requieren miradas t\u00e9cnicas, jur\u00eddicas y cient\u00edficas integradas. Se espera que los programas puedan concretarse durante el presente a\u00f1o acad\u00e9mico 2026.<\/p>\n","protected":false},"excerpt":{"rendered":"<p>Autoridades de ambas \u00e1reas mantuvieron una reuni\u00f3n de trabajo para avanzar en iniciativas acad\u00e9micas que vinculen el campo jur\u00eddico con los aportes de la biomedicina, especialmente en torno al ADN, la filiaci\u00f3n y la prueba pericial.<\/p>\n","protected":false},"author":2,"featured_media":12952,"comment_status":"closed","ping_status":"closed","sticky":false,"template":"","format":"standard","meta":{"_exactmetrics_skip_tracking":false,"_exactmetrics_sitenote_active":false,"_exactmetrics_sitenote_note":"","_exactmetrics_sitenote_category":0,"footnotes":""},"categories":[5,72],"tags":[33,210],"_links":{"self":[{"href":"https:\/\/www.ucse.edu.ar\/notiucse\/wp-json\/wp\/v2\/posts\/12951"}],"collection":[{"href":"https:\/\/www.ucse.edu.ar\/notiucse\/wp-json\/wp\/v2\/posts"}],"about":[{"href":"https:\/\/www.ucse.edu.ar\/notiucse\/wp-json\/wp\/v2\/types\/post"}],"author":[{"embeddable":true,"href":"https:\/\/www.ucse.edu.ar\/notiucse\/wp-json\/wp\/v2\/users\/2"}],"replies":[{"embeddable":true,"href":"https:\/\/www.ucse.edu.ar\/notiucse\/wp-json\/wp\/v2\/comments?post=12951"}],"version-history":[{"count":1,"href":"https:\/\/www.ucse.edu.ar\/notiucse\/wp-json\/wp\/v2\/posts\/12951\/revisions"}],"predecessor-version":[{"id":12953,"href":"https:\/\/www.ucse.edu.ar\/notiucse\/wp-json\/wp\/v2\/posts\/12951\/revisions\/12953"}],"wp:featuredmedia":[{"embeddable":true,"href":"https:\/\/www.ucse.edu.ar\/notiucse\/wp-json\/wp\/v2\/media\/12952"}],"wp:attachment":[{"href":"https:\/\/www.ucse.edu.ar\/notiucse\/wp-json\/wp\/v2\/media?parent=12951"}],"wp:term":[{"taxonomy":"category","embeddable":true,"href":"https:\/\/www.ucse.edu.ar\/notiucse\/wp-json\/wp\/v2\/categories?post=12951"},{"taxonomy":"post_tag","embeddable":true,"href":"https:\/\/www.ucse.edu.ar\/notiucse\/wp-json\/wp\/v2\/tags?post=12951"}],"curies":[{"name":"wp","href":"https:\/\/api.w.org\/{rel}","templated":true}]}}