{"id":12954,"date":"2026-04-29T10:08:02","date_gmt":"2026-04-29T13:08:02","guid":{"rendered":"https:\/\/www.ucse.edu.ar\/notiucse\/?p=12954"},"modified":"2026-04-29T10:08:04","modified_gmt":"2026-04-29T13:08:04","slug":"la-ucse-celebro-su-lxxii-colacion-de-grado-en-una-noche-cargada-de-emocion","status":"publish","type":"post","link":"https:\/\/www.ucse.edu.ar\/notiucse\/2026\/04\/29\/la-ucse-celebro-su-lxxii-colacion-de-grado-en-una-noche-cargada-de-emocion\/","title":{"rendered":"La UCSE celebr\u00f3 su LXXII Colaci\u00f3n de Grado en una noche cargada de emoci\u00f3n"},"content":{"rendered":"\n<p>La Universidad Cat\u00f3lica de Santiago del Estero llev\u00f3 a cabo el viernes 24 de abril, a las 19:00, su <strong>LXXII ceremonia de Colaci\u00f3n de Grado<\/strong>, realizada en el Anfiteatro de la UCSE. El acto reuni\u00f3 a autoridades, docentes, egresados, familiares y amigos en una noche marcada por la celebraci\u00f3n, el reconocimiento y el cierre de una etapa fundamental en la vida acad\u00e9mica de los nuevos profesionales.<\/p>\n\n\n\n<p>La ceremonia estuvo encabezada por el rector de la UCSE, <strong>Ing. Luis Eugenio Lucena<\/strong>, acompa\u00f1ado por los decanos de las distintas unidades acad\u00e9micas: <strong>Abog. Gabriel \u00c1vila<\/strong>, de la Facultad de Ciencias Pol\u00edticas, Sociales y Jur\u00eddicas; <strong>Mg. Anal\u00eda Valentini<\/strong>, de la Facultad de Ciencias de la Salud; <strong>Arq. Jos\u00e9 \u00c1ngel Samez<\/strong>, de la Facultad de Ciencias para la Innovaci\u00f3n y el Desarrollo; y <strong>Cra. Mar\u00eda Angelina Campana<\/strong>, de la Facultad de Ciencias Econ\u00f3micas.<\/p>\n\n\n\n<p>Durante el acto se realiz\u00f3 la entrega de diplomas a los egresados de las diferentes carreras, poniendo en valor el esfuerzo, la constancia y la dedicaci\u00f3n sostenidos a lo largo de su formaci\u00f3n universitaria. Adem\u00e1s, se otorgaron distinciones de honor a los mejores promedios, entre ellas <strong>Cum Laude, Magna Cum Laude y Summa Cum Laude<\/strong>.<\/p>\n\n\n\n<p>En representaci\u00f3n de los graduados, <strong>Lara Cordero<\/strong>, egresada de la Licenciatura en Comunicaci\u00f3n Social y distinguida con el promedio m\u00e1s alto de la ceremonia, dirigi\u00f3 unas palabras a sus compa\u00f1eros y familias, agradeciendo el acompa\u00f1amiento recibido durante el recorrido acad\u00e9mico.<\/p>\n\n\n\n<p>La colaci\u00f3n se vivi\u00f3 como una celebraci\u00f3n compartida entre la universidad y las familias, que acompa\u00f1aron de cerca el camino de cada egresado hasta alcanzar este logro.<\/p>\n","protected":false},"excerpt":{"rendered":"<p>En una ceremonia cargada de emoci\u00f3n, nuevos profesionales de las distintas facultades recibieron sus diplomas, acompa\u00f1ados por autoridades, docentes, familiares y amigos.<\/p>\n","protected":false},"author":2,"featured_media":12955,"comment_status":"closed","ping_status":"closed","sticky":false,"template":"","format":"standard","meta":{"_exactmetrics_skip_tracking":false,"_exactmetrics_sitenote_active":false,"_exactmetrics_sitenote_note":"","_exactmetrics_sitenote_category":0,"footnotes":""},"categories":[73,72],"tags":[36],"_links":{"self":[{"href":"https:\/\/www.ucse.edu.ar\/notiucse\/wp-json\/wp\/v2\/posts\/12954"}],"collection":[{"href":"https:\/\/www.ucse.edu.ar\/notiucse\/wp-json\/wp\/v2\/posts"}],"about":[{"href":"https:\/\/www.ucse.edu.ar\/notiucse\/wp-json\/wp\/v2\/types\/post"}],"author":[{"embeddable":true,"href":"https:\/\/www.ucse.edu.ar\/notiucse\/wp-json\/wp\/v2\/users\/2"}],"replies":[{"embeddable":true,"href":"https:\/\/www.ucse.edu.ar\/notiucse\/wp-json\/wp\/v2\/comments?post=12954"}],"version-history":[{"count":1,"href":"https:\/\/www.ucse.edu.ar\/notiucse\/wp-json\/wp\/v2\/posts\/12954\/revisions"}],"predecessor-version":[{"id":12956,"href":"https:\/\/www.ucse.edu.ar\/notiucse\/wp-json\/wp\/v2\/posts\/12954\/revisions\/12956"}],"wp:featuredmedia":[{"embeddable":true,"href":"https:\/\/www.ucse.edu.ar\/notiucse\/wp-json\/wp\/v2\/media\/12955"}],"wp:attachment":[{"href":"https:\/\/www.ucse.edu.ar\/notiucse\/wp-json\/wp\/v2\/media?parent=12954"}],"wp:term":[{"taxonomy":"category","embeddable":true,"href":"https:\/\/www.ucse.edu.ar\/notiucse\/wp-json\/wp\/v2\/categories?post=12954"},{"taxonomy":"post_tag","embeddable":true,"href":"https:\/\/www.ucse.edu.ar\/notiucse\/wp-json\/wp\/v2\/tags?post=12954"}],"curies":[{"name":"wp","href":"https:\/\/api.w.org\/{rel}","templated":true}]}}