{"id":12957,"date":"2026-04-29T10:15:26","date_gmt":"2026-04-29T13:15:26","guid":{"rendered":"https:\/\/www.ucse.edu.ar\/notiucse\/?p=12957"},"modified":"2026-04-29T10:15:26","modified_gmt":"2026-04-29T13:15:26","slug":"cita-con-el-arte-santiagueno-camara-de-arte-la-bohardilla-y-area-de-graduados-fcpsyj-invitan-al-muc-ucse","status":"publish","type":"post","link":"https:\/\/www.ucse.edu.ar\/notiucse\/2026\/04\/29\/cita-con-el-arte-santiagueno-camara-de-arte-la-bohardilla-y-area-de-graduados-fcpsyj-invitan-al-muc-ucse\/","title":{"rendered":"Cita con el arte santiague\u00f1o: C\u00e1mara de Arte La Bohardilla y \u00c1rea de Graduados FCPSyJ invitan al MUC UCSE"},"content":{"rendered":"\n<p>El \u00c1rea de Graduados de la Facultad de Ciencias Pol\u00edticas, Sociales y Jur\u00eddicas de la Universidad Cat\u00f3lica de Santiago del Estero, en convenio con la C\u00e1mara de Arte La Bohardilla, invita a la comunidad a la inauguraci\u00f3n de la exposici\u00f3n <strong>\u201cSantiague\u00f1idad\u201d<\/strong>, una propuesta art\u00edstica que busca poner en valor la identidad, las ra\u00edces y las expresiones culturales de la provincia.<\/p>\n\n\n\n<p>La muestra se llevar\u00e1 a cabo el <strong>jueves 30 de abril a las 19 horas<\/strong> en el <strong>Museo Universitario de la Cultura (MUC), Biblioteca Dr. Orestes Di Lullo<\/strong>, ubicado en el campus de la UCSE, en avenida Alsina y V\u00e9lez Sarsfield.<\/p>\n\n\n\n<p>La exposici\u00f3n contar\u00e1 con la participaci\u00f3n de un amplio grupo de artistas locales, entre ellos <em>Sonia Salazar, Lucas Robinson, Estela Alvarrac\u00edn, Susana Carol, Sonia Silva, Gladys Pedruzco, Silvina Moreta, Olga Correa, Hugo Arga\u00f1ar\u00e1s, Lele Trabb, Martha Zovich, Graciela Bola\u00f1ez, Silvia Starcich, Melina Toscano, Jos\u00e9 Pallares, Marta Cruz, M\u00f3nica Varela, M\u00f3nica Rivas, Antonella Zucal <\/em>y <em>Yanina Seu<\/em>.<\/p>\n\n\n\n<p>\u201cSantiague\u00f1idad\u201d se presenta como un espacio de encuentro entre distintas miradas art\u00edsticas que dialogan con la cultura local, sus s\u00edmbolos y sus tradiciones, en una propuesta abierta a todo p\u00fablico.<\/p>\n","protected":false},"excerpt":{"rendered":"<p>La muestra re\u00fane a artistas destacados y propone un recorrido por la identidad cultural santiague\u00f1a, en una iniciativa conjunta entre la UCSE y la C\u00e1mara de Arte La Bohardilla.<\/p>\n","protected":false},"author":2,"featured_media":12959,"comment_status":"closed","ping_status":"closed","sticky":false,"template":"","format":"standard","meta":{"_exactmetrics_skip_tracking":false,"_exactmetrics_sitenote_active":false,"_exactmetrics_sitenote_note":"","_exactmetrics_sitenote_category":0,"footnotes":""},"categories":[75,72],"tags":[],"_links":{"self":[{"href":"https:\/\/www.ucse.edu.ar\/notiucse\/wp-json\/wp\/v2\/posts\/12957"}],"collection":[{"href":"https:\/\/www.ucse.edu.ar\/notiucse\/wp-json\/wp\/v2\/posts"}],"about":[{"href":"https:\/\/www.ucse.edu.ar\/notiucse\/wp-json\/wp\/v2\/types\/post"}],"author":[{"embeddable":true,"href":"https:\/\/www.ucse.edu.ar\/notiucse\/wp-json\/wp\/v2\/users\/2"}],"replies":[{"embeddable":true,"href":"https:\/\/www.ucse.edu.ar\/notiucse\/wp-json\/wp\/v2\/comments?post=12957"}],"version-history":[{"count":1,"href":"https:\/\/www.ucse.edu.ar\/notiucse\/wp-json\/wp\/v2\/posts\/12957\/revisions"}],"predecessor-version":[{"id":12960,"href":"https:\/\/www.ucse.edu.ar\/notiucse\/wp-json\/wp\/v2\/posts\/12957\/revisions\/12960"}],"wp:featuredmedia":[{"embeddable":true,"href":"https:\/\/www.ucse.edu.ar\/notiucse\/wp-json\/wp\/v2\/media\/12959"}],"wp:attachment":[{"href":"https:\/\/www.ucse.edu.ar\/notiucse\/wp-json\/wp\/v2\/media?parent=12957"}],"wp:term":[{"taxonomy":"category","embeddable":true,"href":"https:\/\/www.ucse.edu.ar\/notiucse\/wp-json\/wp\/v2\/categories?post=12957"},{"taxonomy":"post_tag","embeddable":true,"href":"https:\/\/www.ucse.edu.ar\/notiucse\/wp-json\/wp\/v2\/tags?post=12957"}],"curies":[{"name":"wp","href":"https:\/\/api.w.org\/{rel}","templated":true}]}}