{"id":12967,"date":"2026-04-30T10:26:09","date_gmt":"2026-04-30T13:26:09","guid":{"rendered":"https:\/\/www.ucse.edu.ar\/notiucse\/?p=12967"},"modified":"2026-04-30T11:23:48","modified_gmt":"2026-04-30T14:23:48","slug":"la-ucse-realizara-una-charla-sobre-seguridad-laboral-como-cultura-compartida","status":"publish","type":"post","link":"https:\/\/www.ucse.edu.ar\/notiucse\/2026\/04\/30\/la-ucse-realizara-una-charla-sobre-seguridad-laboral-como-cultura-compartida\/","title":{"rendered":"La UCSE realizar\u00e1 una charla sobre seguridad laboral como cultura compartida"},"content":{"rendered":"\n<p>La Universidad Cat\u00f3lica de Santiago del Estero, a trav\u00e9s de la&nbsp; Facultad de Ciencias para la Innovaci\u00f3n y el Desarrollo, organiza la charla \u201c<strong>Aprender de la experiencia: la seguridad como cultura compartida<\/strong>\u201d en el marco de la semana de la higiene y seguridad en el trabajo. La actividad se realizar\u00e1 el <strong>jueves 30 de abril<\/strong> a las 17:30 horas en el aula 11 de la instituci\u00f3n y est\u00e1 dirigida a estudiantes, egresados y docentes de la carrera de Tec. en Seguridad e Higiene en el trabajo.<\/p>\n\n\n\n<p>El encuentro contar\u00e1 con la participaci\u00f3n de especialistas del \u00e1rea, como el t\u00e9cnico <strong>Mariano Muratore<\/strong>, vocal de la comisi\u00f3n del Consejo Profesional de Ingenier\u00eda y Afines (CPIA), la t\u00e9cnica <strong>Roxane Carabajal<\/strong>, auditora de CENCOSUD y la t\u00e9cnica <strong>Mar\u00eda Laura Ger\u00e9z<\/strong>, ex asesora de Techint. Durante la jornada, los disertantes compartir\u00e1n experiencias profesionales y abordar\u00e1n la importancia de construir una cultura de seguridad basada en la <strong>prevenci\u00f3n <\/strong>y el <strong>aprendizaje colectivo<\/strong>.<\/p>\n\n\n\n<p>La actividad es <strong>gratuita <\/strong>y forma parte de un trabajo articulado entre el <strong>CPIA <\/strong>de Santiago del Estero y las carreras vinculadas a la <strong>higiene y seguridad<\/strong> en la UCSE.<\/p>\n\n\n\n<p>La iniciativa busca generar un espacio de intercambio que permita a los asistentes reflexionar sobre las <strong>pr\u00e1cticas laborales seguras<\/strong>, promoviendo la formaci\u00f3n integral de los futuros profesionales y reforzando el compromiso con entornos responsables de trabajo.<\/p>\n","protected":false},"excerpt":{"rendered":"<p>En el marco de la semana de la Higiene y seguridad en el trabajo, la Universidad Cat\u00f3lica de Santiago del Estero llevar\u00e1 a cabo una charla con el objetivo de de fortalecer la conciencia preventiva en el \u00e1mbito laboral.<\/p>\n","protected":false},"author":6,"featured_media":12968,"comment_status":"closed","ping_status":"closed","sticky":false,"template":"","format":"standard","meta":{"_exactmetrics_skip_tracking":false,"_exactmetrics_sitenote_active":false,"_exactmetrics_sitenote_note":"","_exactmetrics_sitenote_category":0,"footnotes":""},"categories":[10,72],"tags":[52,155,159],"_links":{"self":[{"href":"https:\/\/www.ucse.edu.ar\/notiucse\/wp-json\/wp\/v2\/posts\/12967"}],"collection":[{"href":"https:\/\/www.ucse.edu.ar\/notiucse\/wp-json\/wp\/v2\/posts"}],"about":[{"href":"https:\/\/www.ucse.edu.ar\/notiucse\/wp-json\/wp\/v2\/types\/post"}],"author":[{"embeddable":true,"href":"https:\/\/www.ucse.edu.ar\/notiucse\/wp-json\/wp\/v2\/users\/6"}],"replies":[{"embeddable":true,"href":"https:\/\/www.ucse.edu.ar\/notiucse\/wp-json\/wp\/v2\/comments?post=12967"}],"version-history":[{"count":5,"href":"https:\/\/www.ucse.edu.ar\/notiucse\/wp-json\/wp\/v2\/posts\/12967\/revisions"}],"predecessor-version":[{"id":12974,"href":"https:\/\/www.ucse.edu.ar\/notiucse\/wp-json\/wp\/v2\/posts\/12967\/revisions\/12974"}],"wp:featuredmedia":[{"embeddable":true,"href":"https:\/\/www.ucse.edu.ar\/notiucse\/wp-json\/wp\/v2\/media\/12968"}],"wp:attachment":[{"href":"https:\/\/www.ucse.edu.ar\/notiucse\/wp-json\/wp\/v2\/media?parent=12967"}],"wp:term":[{"taxonomy":"category","embeddable":true,"href":"https:\/\/www.ucse.edu.ar\/notiucse\/wp-json\/wp\/v2\/categories?post=12967"},{"taxonomy":"post_tag","embeddable":true,"href":"https:\/\/www.ucse.edu.ar\/notiucse\/wp-json\/wp\/v2\/tags?post=12967"}],"curies":[{"name":"wp","href":"https:\/\/api.w.org\/{rel}","templated":true}]}}