{"id":12978,"date":"2026-04-30T20:25:31","date_gmt":"2026-04-30T23:25:31","guid":{"rendered":"https:\/\/www.ucse.edu.ar\/notiucse\/?p=12978"},"modified":"2026-04-30T20:25:33","modified_gmt":"2026-04-30T23:25:33","slug":"el-coro-de-camara-de-la-ucse-presenta-su-primer-concierto-del-ano-con-un-repertorio-gospel","status":"publish","type":"post","link":"https:\/\/www.ucse.edu.ar\/notiucse\/2026\/04\/30\/el-coro-de-camara-de-la-ucse-presenta-su-primer-concierto-del-ano-con-un-repertorio-gospel\/","title":{"rendered":"El coro de C\u00e1mara de la UCSE presenta su primer concierto del a\u00f1o con un repertorio gospel"},"content":{"rendered":"\n<p>El <strong>coro de C\u00e1mara de la UCSE<\/strong> dar\u00e1 inicio a su temporada 2026 con un concierto dedicado al g\u00e9nero <strong>gospel<\/strong>, una propuesta musical que invita a \u201cvibrar con la fuerza espiritual\u201d de un estilo que ha dejado huella a nivel mundial. El evento se llevar\u00e1 a cabo el s\u00e1bado 16 de mayo, a las 21 horas, en la <strong>Iglesia de San Francisco<\/strong>, ubicada en la intersecci\u00f3n de Av. Roca y Avellaneda.<\/p>\n\n\n\n<p>En este sentido, el evento se presenta con el nombre <strong>\u201cGospel. Un concierto para vibrar con la fuerza espiritual y el ritmo del g\u00e9nero que conmovi\u00f3 al mundo\u201d<\/strong>. Bajo la direcci\u00f3n del maestro <strong>Mariano Valladares<\/strong>, el coro buscar\u00e1 otorgar una experiencia emotiva y profunda, caracter\u00edstica del repertorio elegido.<\/p>\n\n\n\n<p>Para esta ocasi\u00f3n, el concierto ser\u00e1 con <strong>entrada libre<\/strong> y <strong>gratuita<\/strong>, aunque se invita al p\u00fablico y a la comunidad a colaborar con la donaci\u00f3n de ropa y alimentos no perecederos, destinados a <strong>C\u00e1ritas Parroquial<\/strong>.<\/p>\n\n\n\n<p>Luego de lo que fue su <strong>presentaci\u00f3n <\/strong>en el F\u00f3rum en el marco del <strong>D\u00eda Internacional de la Mujer<\/strong>, que marc\u00f3 el comienzo del calendario 2026, el coro contin\u00faa ahora con este espect\u00e1culo gospel reafirmando el compromiso del elenco con la m\u00fasica y la participaci\u00f3n en distintas conmemoraciones culturales.<\/p>\n\n\n\n<p>De esta forma, el primer <strong>concierto <\/strong>del a\u00f1o representa no solo el inicio de un nuevo ciclo art\u00edstico, sino tambi\u00e9n una oportunidad para compartir la m\u00fasica con la comunidad en un espacio significativo, promoviendo valores de solidaridad y encuentro.\u00a0<\/p>\n","protected":false},"excerpt":{"rendered":"<p>La agrupaci\u00f3n coral de la Universidad Cat\u00f3lica de Santiago del Estero ofrecer\u00e1 un espect\u00e1culo gratuito el s\u00e1bado 16 de mayo en la Iglesia de San Francisco, con direcci\u00f3n del maestro Mariano Valladares.<\/p>\n","protected":false},"author":6,"featured_media":12979,"comment_status":"closed","ping_status":"closed","sticky":false,"template":"","format":"standard","meta":{"_exactmetrics_skip_tracking":false,"_exactmetrics_sitenote_active":false,"_exactmetrics_sitenote_note":"","_exactmetrics_sitenote_category":0,"footnotes":""},"categories":[11,72],"tags":[122],"_links":{"self":[{"href":"https:\/\/www.ucse.edu.ar\/notiucse\/wp-json\/wp\/v2\/posts\/12978"}],"collection":[{"href":"https:\/\/www.ucse.edu.ar\/notiucse\/wp-json\/wp\/v2\/posts"}],"about":[{"href":"https:\/\/www.ucse.edu.ar\/notiucse\/wp-json\/wp\/v2\/types\/post"}],"author":[{"embeddable":true,"href":"https:\/\/www.ucse.edu.ar\/notiucse\/wp-json\/wp\/v2\/users\/6"}],"replies":[{"embeddable":true,"href":"https:\/\/www.ucse.edu.ar\/notiucse\/wp-json\/wp\/v2\/comments?post=12978"}],"version-history":[{"count":3,"href":"https:\/\/www.ucse.edu.ar\/notiucse\/wp-json\/wp\/v2\/posts\/12978\/revisions"}],"predecessor-version":[{"id":12982,"href":"https:\/\/www.ucse.edu.ar\/notiucse\/wp-json\/wp\/v2\/posts\/12978\/revisions\/12982"}],"wp:featuredmedia":[{"embeddable":true,"href":"https:\/\/www.ucse.edu.ar\/notiucse\/wp-json\/wp\/v2\/media\/12979"}],"wp:attachment":[{"href":"https:\/\/www.ucse.edu.ar\/notiucse\/wp-json\/wp\/v2\/media?parent=12978"}],"wp:term":[{"taxonomy":"category","embeddable":true,"href":"https:\/\/www.ucse.edu.ar\/notiucse\/wp-json\/wp\/v2\/categories?post=12978"},{"taxonomy":"post_tag","embeddable":true,"href":"https:\/\/www.ucse.edu.ar\/notiucse\/wp-json\/wp\/v2\/tags?post=12978"}],"curies":[{"name":"wp","href":"https:\/\/api.w.org\/{rel}","templated":true}]}}