{"id":13419,"date":"2026-09-02T09:25:21","date_gmt":"2026-09-02T12:25:21","guid":{"rendered":"https:\/\/www.ucse.edu.ar\/notiucse\/?p=13419"},"modified":"2026-09-02T09:25:22","modified_gmt":"2026-09-02T12:25:22","slug":"psicopedagogia-frente-a-nuevos-desafios-ucse-buenos-aires-propone-un-ciclo-de-charlas-durante-septiembre","status":"publish","type":"post","link":"https:\/\/www.ucse.edu.ar\/notiucse\/2026\/09\/02\/psicopedagogia-frente-a-nuevos-desafios-ucse-buenos-aires-propone-un-ciclo-de-charlas-durante-septiembre\/","title":{"rendered":"Psicopedagog\u00eda frente a nuevos desaf\u00edos: UCSE Buenos Aires propone un ciclo de charlas durante septiembre"},"content":{"rendered":"\n<p class=\"wp-block-paragraph\">\u00bfC\u00f3mo impacta la inteligencia artificial en la tarea del psicopedagogo? \u00bfQu\u00e9 desaf\u00edos aparecen cuando la profesi\u00f3n se cruza con el \u00e1mbito judicial? \u00bfC\u00f3mo se aprende en una cultura atravesada por la inmediatez y las tecnolog\u00edas? Estas ser\u00e1n algunas de las preguntas que recorrer\u00e1n el <strong>Ciclo de Charlas \u201cMes de la Psicopedagog\u00eda 2026\u201d<\/strong>, organizado por la Licenciatura en Psicopedagog\u00eda del Departamento Acad\u00e9mico Buenos Aires de la Universidad Cat\u00f3lica de Santiago del Estero.<\/p>\n\n\n\n<p class=\"wp-block-paragraph\">La propuesta se desarrollar\u00e1 durante septiembre, en el marco de la conmemoraci\u00f3n del <strong>D\u00eda del Psicopedagogo, que se celebra el 17 de septiembre<\/strong>, y busca generar un espacio de actualizaci\u00f3n, reflexi\u00f3n e intercambio con especialistas sobre las transformaciones que atraviesan actualmente a la profesi\u00f3n.<\/p>\n\n\n\n<p class=\"wp-block-paragraph\">El ciclo comenzar\u00e1 el <strong>lunes 7 de septiembre<\/strong>, con la charla \u201cInnovaci\u00f3n e Inteligencia Artificial aplicada a la Psicopedagog\u00eda\u201d, a cargo del equipo de Zelmira Learning. El encuentro permitir\u00e1 conocer aplicaciones de la IA orientadas a la inclusi\u00f3n educativa, la creaci\u00f3n de recursos personalizados y la optimizaci\u00f3n de los tiempos de trabajo profesional.<\/p>\n\n\n\n<p class=\"wp-block-paragraph\">El <strong>14 de septiembre<\/strong>, la Lic. L\u00eda del Prado abordar\u00e1 los desaf\u00edos de la <strong>Psicopedagog\u00eda Jur\u00eddico Forense<\/strong>, desde la evaluaci\u00f3n pericial y la construcci\u00f3n de evidencia hasta la elaboraci\u00f3n de informes con perspectiva de derechos frente a las actuales demandas judiciales.<\/p>\n\n\n\n<p class=\"wp-block-paragraph\">La tercera cita ser\u00e1 el <strong>21 de septiembre<\/strong>, cuando las licenciadas Tatiana Morono y Erica Rumi propongan pensar qu\u00e9 significa aprender en la denominada \u201ccultura de la inmediatez\u201d. La lectura acad\u00e9mica, la autorregulaci\u00f3n, las tutor\u00edas universitarias y el impacto de la cultura digital y la IA en el nivel superior ser\u00e1n parte de la conversaci\u00f3n.<\/p>\n\n\n\n<p class=\"wp-block-paragraph\">Finalmente, el <strong>28 de septiembre<\/strong>, la Mg. Ver\u00f3nica \u00c1lvarez Murphy cerrar\u00e1 el ciclo con una actualizaci\u00f3n sobre <strong>evaluaci\u00f3n psicopedag\u00f3gica<\/strong>, centrada en pruebas con baremos argentinos y en los criterios pr\u00e1cticos y \u00e9ticos necesarios para seleccionar, interpretar e integrar estos instrumentos en la pr\u00e1ctica profesional.<\/p>\n\n\n\n<p class=\"wp-block-paragraph\">Los cuatro encuentros comenzar\u00e1n a las <strong>19 horas y se desarrollar\u00e1n de manera virtual, a trav\u00e9s de Zoom<\/strong>. La participaci\u00f3n ser\u00e1 <strong>gratuita<\/strong>, con inscripci\u00f3n previa, y quienes asistan podr\u00e1n acceder a certificaci\u00f3n.<\/p>\n","protected":false},"excerpt":{"rendered":"<p>En el Mes de la Psicopedagog\u00eda, la UCSE-DABA invita a participar de cuatro encuentros gratuitos que pondr\u00e1n en debate la inteligencia artificial, el campo jur\u00eddico-forense, las nuevas formas de aprender y la evaluaci\u00f3n psicopedag\u00f3gica.<\/p>\n","protected":false},"author":2,"featured_media":12325,"comment_status":"closed","ping_status":"closed","sticky":false,"template":"","format":"standard","meta":{"_exactmetrics_skip_tracking":false,"_exactmetrics_sitenote_active":false,"_exactmetrics_sitenote_note":"","_exactmetrics_sitenote_category":0,"footnotes":""},"categories":[21],"tags":[48],"class_list":["post-13419","post","type-post","status-publish","format-standard","has-post-thumbnail","hentry","category-daba","tag-daba-2"],"_links":{"self":[{"href":"https:\/\/www.ucse.edu.ar\/notiucse\/wp-json\/wp\/v2\/posts\/13419","targetHints":{"allow":["GET"]}}],"collection":[{"href":"https:\/\/www.ucse.edu.ar\/notiucse\/wp-json\/wp\/v2\/posts"}],"about":[{"href":"https:\/\/www.ucse.edu.ar\/notiucse\/wp-json\/wp\/v2\/types\/post"}],"author":[{"embeddable":true,"href":"https:\/\/www.ucse.edu.ar\/notiucse\/wp-json\/wp\/v2\/users\/2"}],"replies":[{"embeddable":true,"href":"https:\/\/www.ucse.edu.ar\/notiucse\/wp-json\/wp\/v2\/comments?post=13419"}],"version-history":[{"count":1,"href":"https:\/\/www.ucse.edu.ar\/notiucse\/wp-json\/wp\/v2\/posts\/13419\/revisions"}],"predecessor-version":[{"id":13420,"href":"https:\/\/www.ucse.edu.ar\/notiucse\/wp-json\/wp\/v2\/posts\/13419\/revisions\/13420"}],"wp:featuredmedia":[{"embeddable":true,"href":"https:\/\/www.ucse.edu.ar\/notiucse\/wp-json\/wp\/v2\/media\/12325"}],"wp:attachment":[{"href":"https:\/\/www.ucse.edu.ar\/notiucse\/wp-json\/wp\/v2\/media?parent=13419"}],"wp:term":[{"taxonomy":"category","embeddable":true,"href":"https:\/\/www.ucse.edu.ar\/notiucse\/wp-json\/wp\/v2\/categories?post=13419"},{"taxonomy":"post_tag","embeddable":true,"href":"https:\/\/www.ucse.edu.ar\/notiucse\/wp-json\/wp\/v2\/tags?post=13419"}],"curies":[{"name":"wp","href":"https:\/\/api.w.org\/{rel}","templated":true}]}}